{"id":43320,"date":"2026-01-22T09:54:20","date_gmt":"2026-01-22T15:54:20","guid":{"rendered":"https:\/\/gerardoduque.com.mx\/?p=43320"},"modified":"2026-01-22T09:54:27","modified_gmt":"2026-01-22T15:54:27","slug":"avanzan-trabajos-para-el-plan-de-manejo-del-area-natural-protegida-paseo-de-la-presa-san-jose","status":"publish","type":"post","link":"https:\/\/gerardoduque.com.mx\/?p=43320","title":{"rendered":"AVANZAN TRABAJOS PARA EL PLAN DE MANEJO DEL \u00c1REA NATURAL PROTEGIDA PASEO DE LA PRESA SAN JOS\u00c9"},"content":{"rendered":"\n<p>Se llev\u00f3 a cabo una reuni\u00f3n interinstitucional para dar seguimiento a la elaboraci\u00f3n y futura aplicaci\u00f3n del Plan de Manejo del \u00c1rea Natural Protegida Paseo de la Presa San Jos\u00e9, como parte de los procesos de planeaci\u00f3n ambiental en la zona.<\/p>\n\n\n\n<p>El encuentro fue encabezado por la Secretar\u00eda de Ecolog\u00eda y Gesti\u00f3n Ambiental, con la participaci\u00f3n de dependencias y actores involucrados en la gesti\u00f3n del \u00e1rea. Durante la sesi\u00f3n se revisaron avances y se plante\u00f3 la necesidad de mantener una coordinaci\u00f3n constante entre instancias gubernamentales y sociedad para la toma de decisiones relacionadas con el manejo del espacio.<\/p>\n\n\n\n<p>Entre los puntos abordados, se se\u00f1al\u00f3 la importancia de establecer una zonificaci\u00f3n adecuada que delimite \u00e1reas de conservaci\u00f3n, espacios de recreaci\u00f3n y actividades permitidas, con el fin de ordenar el uso del territorio y reducir impactos ambientales.<\/p>\n\n\n\n<p>Tambi\u00e9n se indic\u00f3 que los trabajos deber\u00e1n mantenerse alineados con los criterios establecidos en el Plan de Manejo Federal de la Sierra de San Miguelito, a fin de garantizar compatibilidad normativa y continuidad en las acciones de conservaci\u00f3n.<\/p>\n","protected":false},"excerpt":{"rendered":"<p>Se realiz\u00f3 una reuni\u00f3n interinstitucional para avanzar en la elaboraci\u00f3n y aplicaci\u00f3n del Plan de Manejo del \u00c1rea Natural Protegida Paseo de la Presa San Jos\u00e9, con el objetivo de definir criterios de uso y conservaci\u00f3n del espacio.<\/p>\n","protected":false},"author":4,"featured_media":43321,"comment_status":"closed","ping_status":"closed","sticky":false,"template":"","format":"standard","meta":{"_et_pb_use_builder":"off","_et_pb_old_content":"","_et_gb_content_width":"","footnotes":""},"categories":[280],"tags":[72,66,155],"class_list":["post-43320","post","type-post","status-publish","format-standard","has-post-thumbnail","hentry","category-gob-slp","tag-gobierno-del-estado","tag-san-luis-potosi","tag-segam"],"_links":{"self":[{"href":"https:\/\/gerardoduque.com.mx\/index.php?rest_route=\/wp\/v2\/posts\/43320","targetHints":{"allow":["GET"]}}],"collection":[{"href":"https:\/\/gerardoduque.com.mx\/index.php?rest_route=\/wp\/v2\/posts"}],"about":[{"href":"https:\/\/gerardoduque.com.mx\/index.php?rest_route=\/wp\/v2\/types\/post"}],"author":[{"embeddable":true,"href":"https:\/\/gerardoduque.com.mx\/index.php?rest_route=\/wp\/v2\/users\/4"}],"replies":[{"embeddable":true,"href":"https:\/\/gerardoduque.com.mx\/index.php?rest_route=%2Fwp%2Fv2%2Fcomments&post=43320"}],"version-history":[{"count":0,"href":"https:\/\/gerardoduque.com.mx\/index.php?rest_route=\/wp\/v2\/posts\/43320\/revisions"}],"wp:featuredmedia":[{"embeddable":true,"href":"https:\/\/gerardoduque.com.mx\/index.php?rest_route=\/wp\/v2\/media\/43321"}],"wp:attachment":[{"href":"https:\/\/gerardoduque.com.mx\/index.php?rest_route=%2Fwp%2Fv2%2Fmedia&parent=43320"}],"wp:term":[{"taxonomy":"category","embeddable":true,"href":"https:\/\/gerardoduque.com.mx\/index.php?rest_route=%2Fwp%2Fv2%2Fcategories&post=43320"},{"taxonomy":"post_tag","embeddable":true,"href":"https:\/\/gerardoduque.com.mx\/index.php?rest_route=%2Fwp%2Fv2%2Ftags&post=43320"}],"curies":[{"name":"wp","href":"https:\/\/api.w.org\/{rel}","templated":true}]}}