{"id":43311,"date":"2026-01-22T09:05:47","date_gmt":"2026-01-22T15:05:47","guid":{"rendered":"https:\/\/gerardoduque.com.mx\/?p=43311"},"modified":"2026-01-22T09:05:56","modified_gmt":"2026-01-22T15:05:56","slug":"avanza-instalacion-de-sipinna-municipal-en-22-ayuntamientos","status":"publish","type":"post","link":"https:\/\/gerardoduque.com.mx\/?p=43311","title":{"rendered":"AVANZA INSTALACI\u00d3N DE SIPINNA MUNICIPAL EN 22 AYUNTAMIENTOS"},"content":{"rendered":"\n<p>Bajo el principio del inter\u00e9s superior de la ni\u00f1ez, los Sistemas Municipales de Protecci\u00f3n Integral de Ni\u00f1as, Ni\u00f1os y Adolescentes se consolidan como un componente central para garantizar el ejercicio pleno de derechos en el \u00e1mbito local. Actualmente, 22 municipios del estado cuentan con un Sistema municipal en operaci\u00f3n, como parte de una estrategia orientada a fortalecer las capacidades institucionales de los ayuntamientos.<\/p>\n\n\n\n<p>En este contexto, la Coordinaci\u00f3n Estatal para el Fortalecimiento Institucional de los Municipios lleva a cabo acciones de capacitaci\u00f3n dirigidas a autoridades municipales, con el objetivo de apoyar la correcta instalaci\u00f3n, organizaci\u00f3n y funcionamiento de estos Sistemas, as\u00ed como asegurar que operen bajo un enfoque de derechos humanos.<\/p>\n\n\n\n<p>El trabajo se realiza en coordinaci\u00f3n con el Sistema Estatal, lo que permite homologar criterios, compartir lineamientos y traducir el marco normativo en acciones concretas desde el \u00e1mbito municipal, atendiendo de manera directa las particularidades de cada regi\u00f3n.<\/p>\n\n\n\n<p>Estos mecanismos facilitan la atenci\u00f3n de problem\u00e1ticas que afectan a ni\u00f1as, ni\u00f1os y adolescentes, como la violencia, el uso no supervisado de tecnolog\u00eda, las adicciones o los embarazos en adolescentes, mediante pol\u00edticas y decisiones p\u00fablicas centradas en la protecci\u00f3n integral y el bienestar de este sector de la poblaci\u00f3n.<\/p>\n","protected":false},"excerpt":{"rendered":"<p>Veintid\u00f3s municipios cuentan con Sistemas Municipales de Protecci\u00f3n Integral de Ni\u00f1as, Ni\u00f1os y Adolescentes, como parte del proceso para ampliar la cobertura y fortalecer la atenci\u00f3n local en materia de derechos de la ni\u00f1ez.<\/p>\n","protected":false},"author":4,"featured_media":43312,"comment_status":"closed","ping_status":"closed","sticky":false,"template":"","format":"standard","meta":{"_et_pb_use_builder":"off","_et_pb_old_content":"","_et_gb_content_width":"","footnotes":""},"categories":[280],"tags":[72,66,499],"class_list":["post-43311","post","type-post","status-publish","format-standard","has-post-thumbnail","hentry","category-gob-slp","tag-gobierno-del-estado","tag-san-luis-potosi","tag-sipina"],"_links":{"self":[{"href":"https:\/\/gerardoduque.com.mx\/index.php?rest_route=\/wp\/v2\/posts\/43311","targetHints":{"allow":["GET"]}}],"collection":[{"href":"https:\/\/gerardoduque.com.mx\/index.php?rest_route=\/wp\/v2\/posts"}],"about":[{"href":"https:\/\/gerardoduque.com.mx\/index.php?rest_route=\/wp\/v2\/types\/post"}],"author":[{"embeddable":true,"href":"https:\/\/gerardoduque.com.mx\/index.php?rest_route=\/wp\/v2\/users\/4"}],"replies":[{"embeddable":true,"href":"https:\/\/gerardoduque.com.mx\/index.php?rest_route=%2Fwp%2Fv2%2Fcomments&post=43311"}],"version-history":[{"count":0,"href":"https:\/\/gerardoduque.com.mx\/index.php?rest_route=\/wp\/v2\/posts\/43311\/revisions"}],"wp:featuredmedia":[{"embeddable":true,"href":"https:\/\/gerardoduque.com.mx\/index.php?rest_route=\/wp\/v2\/media\/43312"}],"wp:attachment":[{"href":"https:\/\/gerardoduque.com.mx\/index.php?rest_route=%2Fwp%2Fv2%2Fmedia&parent=43311"}],"wp:term":[{"taxonomy":"category","embeddable":true,"href":"https:\/\/gerardoduque.com.mx\/index.php?rest_route=%2Fwp%2Fv2%2Fcategories&post=43311"},{"taxonomy":"post_tag","embeddable":true,"href":"https:\/\/gerardoduque.com.mx\/index.php?rest_route=%2Fwp%2Fv2%2Ftags&post=43311"}],"curies":[{"name":"wp","href":"https:\/\/api.w.org\/{rel}","templated":true}]}}