{"id":43284,"date":"2026-01-21T18:40:47","date_gmt":"2026-01-22T00:40:47","guid":{"rendered":"https:\/\/gerardoduque.com.mx\/?p=43284"},"modified":"2026-01-21T18:40:54","modified_gmt":"2026-01-22T00:40:54","slug":"toman-protesta-a-nueva-dirigencia-del-consejo-de-la-cronica-de-los-municipios","status":"publish","type":"post","link":"https:\/\/gerardoduque.com.mx\/?p=43284","title":{"rendered":"TOMAN PROTESTA A NUEVA DIRIGENCIA DEL CONSEJO DE LA CR\u00d3NICA DE LOS MUNICIPIOS"},"content":{"rendered":"\n<p>Con la participaci\u00f3n de cronistas municipales, se realiz\u00f3 la toma de protesta de la Presidencia y Vicepresidencia del Consejo de la Cr\u00f3nica de los Municipios del Estado, como parte del relevo interno de este organismo encargado de la investigaci\u00f3n, documentaci\u00f3n y difusi\u00f3n de la historia local.<\/p>\n\n\n\n<p>Durante la sesi\u00f3n se formaliz\u00f3 el nombramiento de Crist\u00f3bal Mart\u00ednez Maya como presidente y de Alma Lorena Rojas S\u00e1nchez como vicepresidenta, ambos cronistas oficiales de los municipios de Villa de Reyes y Cerritos, respectivamente, quienes asumir\u00e1n la conducci\u00f3n del Consejo hasta el a\u00f1o 2028.<\/p>\n\n\n\n<p>En el encuentro se present\u00f3 el proyecto de trabajo que guiar\u00e1 las actividades del organismo en los pr\u00f3ximos a\u00f1os, el cual contempla acciones de investigaci\u00f3n hist\u00f3rica, formaci\u00f3n de nuevos cronistas y preservaci\u00f3n del patrimonio documental y cultural en los municipios.<\/p>\n\n\n\n<p>Asimismo, se realiz\u00f3 la entrega de nombramientos pendientes y se establecieron acuerdos para fortalecer la coordinaci\u00f3n entre cronistas municipales y dar seguimiento a las actividades relacionadas con la memoria hist\u00f3rica en las distintas regiones del estado.<\/p>\n","protected":false},"excerpt":{"rendered":"<p>Se tom\u00f3 protesta a la nueva Presidencia y Vicepresidencia del Consejo de la Cr\u00f3nica de los Municipios, con la definici\u00f3n de un plan de trabajo vigente hasta 2028.<\/p>\n","protected":false},"author":4,"featured_media":43285,"comment_status":"closed","ping_status":"closed","sticky":false,"template":"","format":"standard","meta":{"_et_pb_use_builder":"off","_et_pb_old_content":"","_et_gb_content_width":"","footnotes":""},"categories":[280],"tags":[72,66,200],"class_list":["post-43284","post","type-post","status-publish","format-standard","has-post-thumbnail","hentry","category-gob-slp","tag-gobierno-del-estado","tag-san-luis-potosi","tag-secult"],"_links":{"self":[{"href":"https:\/\/gerardoduque.com.mx\/index.php?rest_route=\/wp\/v2\/posts\/43284","targetHints":{"allow":["GET"]}}],"collection":[{"href":"https:\/\/gerardoduque.com.mx\/index.php?rest_route=\/wp\/v2\/posts"}],"about":[{"href":"https:\/\/gerardoduque.com.mx\/index.php?rest_route=\/wp\/v2\/types\/post"}],"author":[{"embeddable":true,"href":"https:\/\/gerardoduque.com.mx\/index.php?rest_route=\/wp\/v2\/users\/4"}],"replies":[{"embeddable":true,"href":"https:\/\/gerardoduque.com.mx\/index.php?rest_route=%2Fwp%2Fv2%2Fcomments&post=43284"}],"version-history":[{"count":0,"href":"https:\/\/gerardoduque.com.mx\/index.php?rest_route=\/wp\/v2\/posts\/43284\/revisions"}],"wp:featuredmedia":[{"embeddable":true,"href":"https:\/\/gerardoduque.com.mx\/index.php?rest_route=\/wp\/v2\/media\/43285"}],"wp:attachment":[{"href":"https:\/\/gerardoduque.com.mx\/index.php?rest_route=%2Fwp%2Fv2%2Fmedia&parent=43284"}],"wp:term":[{"taxonomy":"category","embeddable":true,"href":"https:\/\/gerardoduque.com.mx\/index.php?rest_route=%2Fwp%2Fv2%2Fcategories&post=43284"},{"taxonomy":"post_tag","embeddable":true,"href":"https:\/\/gerardoduque.com.mx\/index.php?rest_route=%2Fwp%2Fv2%2Ftags&post=43284"}],"curies":[{"name":"wp","href":"https:\/\/api.w.org\/{rel}","templated":true}]}}