{"id":43275,"date":"2026-01-21T11:50:23","date_gmt":"2026-01-21T17:50:23","guid":{"rendered":"https:\/\/gerardoduque.com.mx\/?p=43275"},"modified":"2026-01-21T11:50:30","modified_gmt":"2026-01-21T17:50:30","slug":"se-realiza-asignacion-de-plazas-de-educacion-fisica-con-apego-a-criterios-de-legalidad","status":"publish","type":"post","link":"https:\/\/gerardoduque.com.mx\/?p=43275","title":{"rendered":"SE REALIZA ASIGNACI\u00d3N DE PLAZAS DE EDUCACI\u00d3N F\u00cdSICA CON APEGO A CRITERIOS DE LEGALIDAD"},"content":{"rendered":"\n<p>La Secretar\u00eda de Educaci\u00f3n llev\u00f3 a cabo el proceso de asignaci\u00f3n de plazas de Educaci\u00f3n F\u00edsica como parte de los procedimientos ordinarios para cubrir necesidades docentes en el sistema educativo estatal.<\/p>\n\n\n\n<p>La jornada se desarroll\u00f3 en las instalaciones de la Benem\u00e9rita y Centenaria Escuela Normal del Estado, donde el procedimiento se realiz\u00f3 conforme a los lineamientos establecidos, bajo criterios de legalidad, equidad y transparencia. Durante el desarrollo del proceso se dio seguimiento a cada etapa, con la participaci\u00f3n de autoridades educativas y personal responsable de la evaluaci\u00f3n y asignaci\u00f3n.<\/p>\n\n\n\n<p>Al concluir la actividad, se inform\u00f3 que la asignaci\u00f3n de plazas forma parte de las acciones permanentes para atender la demanda educativa y fortalecer la operaci\u00f3n acad\u00e9mica en los planteles, mediante procesos claros y ordenados que brindan certeza a los aspirantes y contribuyen al funcionamiento del sistema educativo.<\/p>\n","protected":false},"excerpt":{"rendered":"<p>Se realiz\u00f3 el proceso de asignaci\u00f3n de plazas de Educaci\u00f3n F\u00edsica conforme a la normatividad vigente, con el objetivo de atender la demanda docente en el sistema educativo.<\/p>\n","protected":false},"author":4,"featured_media":43276,"comment_status":"closed","ping_status":"closed","sticky":false,"template":"","format":"standard","meta":{"_et_pb_use_builder":"off","_et_pb_old_content":"","_et_gb_content_width":"","footnotes":""},"categories":[280],"tags":[72,66,196],"class_list":["post-43275","post","type-post","status-publish","format-standard","has-post-thumbnail","hentry","category-gob-slp","tag-gobierno-del-estado","tag-san-luis-potosi","tag-sege"],"_links":{"self":[{"href":"https:\/\/gerardoduque.com.mx\/index.php?rest_route=\/wp\/v2\/posts\/43275","targetHints":{"allow":["GET"]}}],"collection":[{"href":"https:\/\/gerardoduque.com.mx\/index.php?rest_route=\/wp\/v2\/posts"}],"about":[{"href":"https:\/\/gerardoduque.com.mx\/index.php?rest_route=\/wp\/v2\/types\/post"}],"author":[{"embeddable":true,"href":"https:\/\/gerardoduque.com.mx\/index.php?rest_route=\/wp\/v2\/users\/4"}],"replies":[{"embeddable":true,"href":"https:\/\/gerardoduque.com.mx\/index.php?rest_route=%2Fwp%2Fv2%2Fcomments&post=43275"}],"version-history":[{"count":0,"href":"https:\/\/gerardoduque.com.mx\/index.php?rest_route=\/wp\/v2\/posts\/43275\/revisions"}],"wp:featuredmedia":[{"embeddable":true,"href":"https:\/\/gerardoduque.com.mx\/index.php?rest_route=\/wp\/v2\/media\/43276"}],"wp:attachment":[{"href":"https:\/\/gerardoduque.com.mx\/index.php?rest_route=%2Fwp%2Fv2%2Fmedia&parent=43275"}],"wp:term":[{"taxonomy":"category","embeddable":true,"href":"https:\/\/gerardoduque.com.mx\/index.php?rest_route=%2Fwp%2Fv2%2Fcategories&post=43275"},{"taxonomy":"post_tag","embeddable":true,"href":"https:\/\/gerardoduque.com.mx\/index.php?rest_route=%2Fwp%2Fv2%2Ftags&post=43275"}],"curies":[{"name":"wp","href":"https:\/\/api.w.org\/{rel}","templated":true}]}}