{"id":43268,"date":"2026-01-21T11:44:18","date_gmt":"2026-01-21T17:44:18","guid":{"rendered":"https:\/\/gerardoduque.com.mx\/?p=43268"},"modified":"2026-01-21T11:44:26","modified_gmt":"2026-01-21T17:44:26","slug":"coordinan-estrategia-estatal-para-prevencion-y-atencion-de-incendios-forestales","status":"publish","type":"post","link":"https:\/\/gerardoduque.com.mx\/?p=43268","title":{"rendered":"COORDINAN ESTRATEGIA ESTATAL PARA PREVENCI\u00d3N Y ATENCI\u00d3N DE INCENDIOS FORESTALES"},"content":{"rendered":"\n<p>Se llev\u00f3 a cabo la Primera Sesi\u00f3n Ordinaria del Comit\u00e9 Estatal del Manejo del Fuego, con el objetivo de fortalecer la coordinaci\u00f3n interinstitucional en materia de prevenci\u00f3n, detecci\u00f3n y atenci\u00f3n de incendios forestales.<\/p>\n\n\n\n<p>La sesi\u00f3n se desarroll\u00f3 en el Ecomuseo del Parque Tangamanga I, donde se tom\u00f3 protesta a los integrantes del Comit\u00e9 y se establecieron l\u00edneas de trabajo conjuntas para proteger los ecosistemas, los bienes materiales y la seguridad de la poblaci\u00f3n ante posibles contingencias.<\/p>\n\n\n\n<p>Durante el encuentro, la titular de la Secretar\u00eda de Ecolog\u00eda y Gesti\u00f3n Ambiental, Sonia Mendoza D\u00edaz, expuso que el incremento de lluvias registrado en 2025 gener\u00f3 mayor crecimiento de vegetaci\u00f3n, lo que eleva el riesgo por acumulaci\u00f3n de material combustible, por lo que se requiere mantener acciones preventivas y comunicaci\u00f3n permanente entre las instancias participantes.<\/p>\n\n\n\n<p>Finalmente, se destac\u00f3 que la prevenci\u00f3n ser\u00e1 el eje central de la estrategia estatal, con el fin de anticipar riesgos y mejorar la capacidad de respuesta ante incendios forestales en las distintas regiones del estado.<\/p>\n","protected":false},"excerpt":{"rendered":"<p>Se realiz\u00f3 la primera sesi\u00f3n del Comit\u00e9 Estatal del Manejo del Fuego para coordinar acciones de prevenci\u00f3n y respuesta ante incendios forestales, con la participaci\u00f3n de instancias estatales, federales y acad\u00e9micas.<\/p>\n","protected":false},"author":4,"featured_media":43273,"comment_status":"closed","ping_status":"closed","sticky":false,"template":"","format":"standard","meta":{"_et_pb_use_builder":"off","_et_pb_old_content":"","_et_gb_content_width":"","footnotes":""},"categories":[280],"tags":[72,66],"class_list":["post-43268","post","type-post","status-publish","format-standard","has-post-thumbnail","hentry","category-gob-slp","tag-gobierno-del-estado","tag-san-luis-potosi"],"_links":{"self":[{"href":"https:\/\/gerardoduque.com.mx\/index.php?rest_route=\/wp\/v2\/posts\/43268","targetHints":{"allow":["GET"]}}],"collection":[{"href":"https:\/\/gerardoduque.com.mx\/index.php?rest_route=\/wp\/v2\/posts"}],"about":[{"href":"https:\/\/gerardoduque.com.mx\/index.php?rest_route=\/wp\/v2\/types\/post"}],"author":[{"embeddable":true,"href":"https:\/\/gerardoduque.com.mx\/index.php?rest_route=\/wp\/v2\/users\/4"}],"replies":[{"embeddable":true,"href":"https:\/\/gerardoduque.com.mx\/index.php?rest_route=%2Fwp%2Fv2%2Fcomments&post=43268"}],"version-history":[{"count":0,"href":"https:\/\/gerardoduque.com.mx\/index.php?rest_route=\/wp\/v2\/posts\/43268\/revisions"}],"wp:featuredmedia":[{"embeddable":true,"href":"https:\/\/gerardoduque.com.mx\/index.php?rest_route=\/wp\/v2\/media\/43273"}],"wp:attachment":[{"href":"https:\/\/gerardoduque.com.mx\/index.php?rest_route=%2Fwp%2Fv2%2Fmedia&parent=43268"}],"wp:term":[{"taxonomy":"category","embeddable":true,"href":"https:\/\/gerardoduque.com.mx\/index.php?rest_route=%2Fwp%2Fv2%2Fcategories&post=43268"},{"taxonomy":"post_tag","embeddable":true,"href":"https:\/\/gerardoduque.com.mx\/index.php?rest_route=%2Fwp%2Fv2%2Ftags&post=43268"}],"curies":[{"name":"wp","href":"https:\/\/api.w.org\/{rel}","templated":true}]}}