{"id":43265,"date":"2026-01-21T10:46:02","date_gmt":"2026-01-21T16:46:02","guid":{"rendered":"https:\/\/gerardoduque.com.mx\/?p=43265"},"modified":"2026-01-21T10:46:10","modified_gmt":"2026-01-21T16:46:10","slug":"reabrira-base-de-cruz-roja-en-zona-industrial","status":"publish","type":"post","link":"https:\/\/gerardoduque.com.mx\/?p=43265","title":{"rendered":"REABRIR\u00c1 BASE DE CRUZ ROJA EN ZONA INDUSTRIAL"},"content":{"rendered":"\n<p>El Gobierno del Estado inform\u00f3 que se brindar\u00e1 apoyo a la Cruz Roja Mexicana para la pr\u00f3xima reapertura de su base en la Zona Industrial, as\u00ed como para la instalaci\u00f3n de m\u00f3dulos de vacunaci\u00f3n en la Universidad de la Cruz Roja, con el objetivo de ampliar la atenci\u00f3n prehospitalaria y la cobertura de vacunaci\u00f3n.<\/p>\n\n\n\n<p>La secretaria de Salud, Leticia G\u00f3mez Ordaz, dio a conocer que se sostuvo una reuni\u00f3n de trabajo con autoridades de la Cruz Roja y personal de los Servicios de Salud, en la que se definieron los \u00faltimos detalles para la reapertura de la base de atenci\u00f3n prehospitalaria en esa zona.<\/p>\n\n\n\n<p>Como parte de los acuerdos, la Secretar\u00eda de Salud entreg\u00f3 en comodato dos ambulancias que ser\u00e1n utilizadas para la operaci\u00f3n de la base. Asimismo, se destac\u00f3 la colaboraci\u00f3n de los ayuntamientos de Villa de Reyes y Villa de Pozos, cuya participaci\u00f3n permitir\u00e1 fortalecer la atenci\u00f3n de accidentes en una de las zonas con mayor flujo vehicular del estado.<\/p>\n","protected":false},"excerpt":{"rendered":"<p>Se acord\u00f3 la reapertura de la base de la Cruz Roja en la Zona Industrial y la instalaci\u00f3n de m\u00f3dulos de vacunaci\u00f3n para ampliar la cobertura de atenci\u00f3n a la poblaci\u00f3n.<\/p>\n","protected":false},"author":4,"featured_media":43266,"comment_status":"closed","ping_status":"closed","sticky":false,"template":"","format":"standard","meta":{"_et_pb_use_builder":"off","_et_pb_old_content":"","_et_gb_content_width":"","footnotes":""},"categories":[280],"tags":[72,66,217],"class_list":["post-43265","post","type-post","status-publish","format-standard","has-post-thumbnail","hentry","category-gob-slp","tag-gobierno-del-estado","tag-san-luis-potosi","tag-ssa"],"_links":{"self":[{"href":"https:\/\/gerardoduque.com.mx\/index.php?rest_route=\/wp\/v2\/posts\/43265","targetHints":{"allow":["GET"]}}],"collection":[{"href":"https:\/\/gerardoduque.com.mx\/index.php?rest_route=\/wp\/v2\/posts"}],"about":[{"href":"https:\/\/gerardoduque.com.mx\/index.php?rest_route=\/wp\/v2\/types\/post"}],"author":[{"embeddable":true,"href":"https:\/\/gerardoduque.com.mx\/index.php?rest_route=\/wp\/v2\/users\/4"}],"replies":[{"embeddable":true,"href":"https:\/\/gerardoduque.com.mx\/index.php?rest_route=%2Fwp%2Fv2%2Fcomments&post=43265"}],"version-history":[{"count":0,"href":"https:\/\/gerardoduque.com.mx\/index.php?rest_route=\/wp\/v2\/posts\/43265\/revisions"}],"wp:featuredmedia":[{"embeddable":true,"href":"https:\/\/gerardoduque.com.mx\/index.php?rest_route=\/wp\/v2\/media\/43266"}],"wp:attachment":[{"href":"https:\/\/gerardoduque.com.mx\/index.php?rest_route=%2Fwp%2Fv2%2Fmedia&parent=43265"}],"wp:term":[{"taxonomy":"category","embeddable":true,"href":"https:\/\/gerardoduque.com.mx\/index.php?rest_route=%2Fwp%2Fv2%2Fcategories&post=43265"},{"taxonomy":"post_tag","embeddable":true,"href":"https:\/\/gerardoduque.com.mx\/index.php?rest_route=%2Fwp%2Fv2%2Ftags&post=43265"}],"curies":[{"name":"wp","href":"https:\/\/api.w.org\/{rel}","templated":true}]}}