{"id":43259,"date":"2026-01-21T10:37:27","date_gmt":"2026-01-21T16:37:27","guid":{"rendered":"https:\/\/gerardoduque.com.mx\/?p=43259"},"modified":"2026-01-21T10:37:37","modified_gmt":"2026-01-21T16:37:37","slug":"entregan-creditos-a-productores-agricolas-en-ebano","status":"publish","type":"post","link":"https:\/\/gerardoduque.com.mx\/?p=43259","title":{"rendered":"ENTREGAN CR\u00c9DITOS A PRODUCTORES AGR\u00cdCOLAS EN \u00c9BANO"},"content":{"rendered":"\n<p>El Sistema de Financiamiento para el Desarrollo del Estado realiz\u00f3 en el municipio de \u00c9bano la entrega de nueve cr\u00e9ditos correspondientes al Plan Emergente de Financiamiento, con un monto conjunto de 300 mil pesos, dirigidos a productoras y productores del sector agr\u00edcola.<\/p>\n\n\n\n<p>Los apoyos otorgados est\u00e1n destinados a fortalecer la producci\u00f3n, mejorar procesos y brindar mayor estabilidad a las actividades del campo, con un impacto directo en la econom\u00eda familiar y en el desarrollo productivo del municipio, donde el sector agr\u00edcola representa una de las principales fuentes de sustento.<\/p>\n\n\n\n<p>Estas acciones forman parte de los esquemas de financiamiento que se aplican en distintas regiones del estado, con el objetivo de ampliar el acceso al cr\u00e9dito y acompa\u00f1ar a las comunidades productivas en el fortalecimiento de sus actividades econ\u00f3micas.<\/p>\n","protected":false},"excerpt":{"rendered":"<p>Se entregaron nueve cr\u00e9ditos por un monto total de 300 mil pesos a productores agr\u00edcolas del municipio, como parte de un esquema de apoyo financiero dirigido al sector primario.<\/p>\n","protected":false},"author":4,"featured_media":43260,"comment_status":"closed","ping_status":"closed","sticky":false,"template":"","format":"standard","meta":{"_et_pb_use_builder":"off","_et_pb_old_content":"","_et_gb_content_width":"","footnotes":""},"categories":[280],"tags":[72,66,132],"class_list":["post-43259","post","type-post","status-publish","format-standard","has-post-thumbnail","hentry","category-gob-slp","tag-gobierno-del-estado","tag-san-luis-potosi","tag-sefin"],"_links":{"self":[{"href":"https:\/\/gerardoduque.com.mx\/index.php?rest_route=\/wp\/v2\/posts\/43259","targetHints":{"allow":["GET"]}}],"collection":[{"href":"https:\/\/gerardoduque.com.mx\/index.php?rest_route=\/wp\/v2\/posts"}],"about":[{"href":"https:\/\/gerardoduque.com.mx\/index.php?rest_route=\/wp\/v2\/types\/post"}],"author":[{"embeddable":true,"href":"https:\/\/gerardoduque.com.mx\/index.php?rest_route=\/wp\/v2\/users\/4"}],"replies":[{"embeddable":true,"href":"https:\/\/gerardoduque.com.mx\/index.php?rest_route=%2Fwp%2Fv2%2Fcomments&post=43259"}],"version-history":[{"count":0,"href":"https:\/\/gerardoduque.com.mx\/index.php?rest_route=\/wp\/v2\/posts\/43259\/revisions"}],"wp:featuredmedia":[{"embeddable":true,"href":"https:\/\/gerardoduque.com.mx\/index.php?rest_route=\/wp\/v2\/media\/43260"}],"wp:attachment":[{"href":"https:\/\/gerardoduque.com.mx\/index.php?rest_route=%2Fwp%2Fv2%2Fmedia&parent=43259"}],"wp:term":[{"taxonomy":"category","embeddable":true,"href":"https:\/\/gerardoduque.com.mx\/index.php?rest_route=%2Fwp%2Fv2%2Fcategories&post=43259"},{"taxonomy":"post_tag","embeddable":true,"href":"https:\/\/gerardoduque.com.mx\/index.php?rest_route=%2Fwp%2Fv2%2Ftags&post=43259"}],"curies":[{"name":"wp","href":"https:\/\/api.w.org\/{rel}","templated":true}]}}