{"id":43225,"date":"2026-01-20T11:26:54","date_gmt":"2026-01-20T17:26:54","guid":{"rendered":"https:\/\/gerardoduque.com.mx\/?p=43225"},"modified":"2026-01-20T11:27:02","modified_gmt":"2026-01-20T17:27:02","slug":"acuerdan-coordinacion-para-impulsar-financiamiento-y-vinculacion-a-emprendedores","status":"publish","type":"post","link":"https:\/\/gerardoduque.com.mx\/?p=43225","title":{"rendered":"ACUERDAN COORDINACI\u00d3N PARA IMPULSAR FINANCIAMIENTO Y VINCULACI\u00d3N A EMPRENDEDORES"},"content":{"rendered":"\n<p>El Sistema de Financiamiento para el Desarrollo del Estado sostuvo una reuni\u00f3n de trabajo con la Secretar\u00eda de Desarrollo Econ\u00f3mico para fortalecer la coordinaci\u00f3n institucional en materia de financiamiento, capacitaci\u00f3n y vinculaci\u00f3n comercial dirigida a emprendedores y micro, peque\u00f1as y medianas empresas.<\/p>\n\n\n\n<p>Durante el encuentro participaron responsables de las \u00e1reas de Comercio y de Fomento a la Micro, Peque\u00f1a y Mediana Empresa, con quienes se definieron l\u00edneas de trabajo orientadas a facilitar el acceso de los negocios potosinos a programas de apoyo, herramientas de capacitaci\u00f3n y redes de comercializaci\u00f3n, con enfoque regional.<\/p>\n\n\n\n<p>Estas acciones se suman a los esquemas de financiamiento que se operan en la entidad. De acuerdo con datos del propio organismo, durante la actual administraci\u00f3n se han destinado m\u00e1s de 4 mil 700 millones de pesos en cr\u00e9ditos para emprendimientos y Mipymes, con impacto directo en la actividad econ\u00f3mica local.<\/p>\n\n\n\n<p><\/p>\n","protected":false},"excerpt":{"rendered":"<p>Se acordaron acciones de coordinaci\u00f3n para facilitar el acceso de emprendedores y Mipymes a financiamiento, programas de apoyo y vinculaci\u00f3n comercial en las cuatro regiones del estado.<\/p>\n","protected":false},"author":4,"featured_media":43226,"comment_status":"closed","ping_status":"closed","sticky":false,"template":"","format":"standard","meta":{"_et_pb_use_builder":"off","_et_pb_old_content":"","_et_gb_content_width":"","footnotes":""},"categories":[280],"tags":[72,66,132],"class_list":["post-43225","post","type-post","status-publish","format-standard","has-post-thumbnail","hentry","category-gob-slp","tag-gobierno-del-estado","tag-san-luis-potosi","tag-sefin"],"_links":{"self":[{"href":"https:\/\/gerardoduque.com.mx\/index.php?rest_route=\/wp\/v2\/posts\/43225","targetHints":{"allow":["GET"]}}],"collection":[{"href":"https:\/\/gerardoduque.com.mx\/index.php?rest_route=\/wp\/v2\/posts"}],"about":[{"href":"https:\/\/gerardoduque.com.mx\/index.php?rest_route=\/wp\/v2\/types\/post"}],"author":[{"embeddable":true,"href":"https:\/\/gerardoduque.com.mx\/index.php?rest_route=\/wp\/v2\/users\/4"}],"replies":[{"embeddable":true,"href":"https:\/\/gerardoduque.com.mx\/index.php?rest_route=%2Fwp%2Fv2%2Fcomments&post=43225"}],"version-history":[{"count":0,"href":"https:\/\/gerardoduque.com.mx\/index.php?rest_route=\/wp\/v2\/posts\/43225\/revisions"}],"wp:featuredmedia":[{"embeddable":true,"href":"https:\/\/gerardoduque.com.mx\/index.php?rest_route=\/wp\/v2\/media\/43226"}],"wp:attachment":[{"href":"https:\/\/gerardoduque.com.mx\/index.php?rest_route=%2Fwp%2Fv2%2Fmedia&parent=43225"}],"wp:term":[{"taxonomy":"category","embeddable":true,"href":"https:\/\/gerardoduque.com.mx\/index.php?rest_route=%2Fwp%2Fv2%2Fcategories&post=43225"},{"taxonomy":"post_tag","embeddable":true,"href":"https:\/\/gerardoduque.com.mx\/index.php?rest_route=%2Fwp%2Fv2%2Ftags&post=43225"}],"curies":[{"name":"wp","href":"https:\/\/api.w.org\/{rel}","templated":true}]}}