{"id":43222,"date":"2026-01-20T11:08:36","date_gmt":"2026-01-20T17:08:36","guid":{"rendered":"https:\/\/gerardoduque.com.mx\/?p=43222"},"modified":"2026-01-20T11:08:45","modified_gmt":"2026-01-20T17:08:45","slug":"implementan-jornada-de-prevencion-del-delito-en-colonias-de-la-capital","status":"publish","type":"post","link":"https:\/\/gerardoduque.com.mx\/?p=43222","title":{"rendered":"IMPLEMENTAN JORNADA DE PREVENCI\u00d3N DEL DELITO EN COLONIAS DE LA CAPITAL"},"content":{"rendered":"\n<p>El Secretariado Ejecutivo del Consejo Estatal de Seguridad P\u00fablica llev\u00f3 a cabo acciones permanentes de prevenci\u00f3n del delito y proximidad social en distintas colonias de San Luis Potos\u00ed, con el objetivo de fortalecer la seguridad a partir de la participaci\u00f3n comunitaria y la atenci\u00f3n directa a las familias.<\/p>\n\n\n\n<p>Como parte de estas actividades, se desarroll\u00f3 una jornada en la colonia Terremoto, en coordinaci\u00f3n con autoridades de los tres niveles de gobierno, en seguimiento a la instrucci\u00f3n de llevar acciones preventivas a territorio y reforzar el v\u00ednculo entre las instituciones y la poblaci\u00f3n.<\/p>\n\n\n\n<p>Durante la jornada se impartieron pl\u00e1ticas sobre prevenci\u00f3n del suicidio, violencia digital con perspectiva de g\u00e9nero, cultura de la denuncia y medidas ante llamadas o mensajes de extorsi\u00f3n, con el prop\u00f3sito de brindar informaci\u00f3n \u00fatil y oportuna. Estas acciones buscan fortalecer entornos m\u00e1s seguros mediante la cercan\u00eda institucional y una atenci\u00f3n integral orientada a la prevenci\u00f3n.<\/p>\n","protected":false},"excerpt":{"rendered":"<p>Se realizaron acciones de prevenci\u00f3n y proximidad social en una colonia de la capital, con pl\u00e1ticas informativas y atenci\u00f3n directa a la poblaci\u00f3n para fortalecer la seguridad comunitaria.<\/p>\n","protected":false},"author":4,"featured_media":43223,"comment_status":"closed","ping_status":"closed","sticky":false,"template":"","format":"standard","meta":{"_et_pb_use_builder":"off","_et_pb_old_content":"","_et_gb_content_width":"","footnotes":""},"categories":[280],"tags":[72,66,344],"class_list":["post-43222","post","type-post","status-publish","format-standard","has-post-thumbnail","hentry","category-gob-slp","tag-gobierno-del-estado","tag-san-luis-potosi","tag-secesp"],"_links":{"self":[{"href":"https:\/\/gerardoduque.com.mx\/index.php?rest_route=\/wp\/v2\/posts\/43222","targetHints":{"allow":["GET"]}}],"collection":[{"href":"https:\/\/gerardoduque.com.mx\/index.php?rest_route=\/wp\/v2\/posts"}],"about":[{"href":"https:\/\/gerardoduque.com.mx\/index.php?rest_route=\/wp\/v2\/types\/post"}],"author":[{"embeddable":true,"href":"https:\/\/gerardoduque.com.mx\/index.php?rest_route=\/wp\/v2\/users\/4"}],"replies":[{"embeddable":true,"href":"https:\/\/gerardoduque.com.mx\/index.php?rest_route=%2Fwp%2Fv2%2Fcomments&post=43222"}],"version-history":[{"count":0,"href":"https:\/\/gerardoduque.com.mx\/index.php?rest_route=\/wp\/v2\/posts\/43222\/revisions"}],"wp:featuredmedia":[{"embeddable":true,"href":"https:\/\/gerardoduque.com.mx\/index.php?rest_route=\/wp\/v2\/media\/43223"}],"wp:attachment":[{"href":"https:\/\/gerardoduque.com.mx\/index.php?rest_route=%2Fwp%2Fv2%2Fmedia&parent=43222"}],"wp:term":[{"taxonomy":"category","embeddable":true,"href":"https:\/\/gerardoduque.com.mx\/index.php?rest_route=%2Fwp%2Fv2%2Fcategories&post=43222"},{"taxonomy":"post_tag","embeddable":true,"href":"https:\/\/gerardoduque.com.mx\/index.php?rest_route=%2Fwp%2Fv2%2Ftags&post=43222"}],"curies":[{"name":"wp","href":"https:\/\/api.w.org\/{rel}","templated":true}]}}