{"id":43215,"date":"2026-01-20T09:55:29","date_gmt":"2026-01-20T15:55:29","guid":{"rendered":"https:\/\/gerardoduque.com.mx\/?p=43215"},"modified":"2026-01-20T09:55:38","modified_gmt":"2026-01-20T15:55:38","slug":"mantienen-operativo-invernal-por-bajas-temperaturas-en-los-59-municipios","status":"publish","type":"post","link":"https:\/\/gerardoduque.com.mx\/?p=43215","title":{"rendered":"MANTIENEN OPERATIVO INVERNAL POR BAJAS TEMPERATURAS EN LOS 59 MUNICIPIOS"},"content":{"rendered":"\n<p>Se mantiene un operativo permanente de vigilancia y monitoreo ante las bajas temperaturas en los 59 municipios del estado, con el objetivo de prevenir riesgos a la salud y brindar atenci\u00f3n oportuna a la poblaci\u00f3n en situaci\u00f3n de mayor vulnerabilidad.<\/p>\n\n\n\n<p>Las condiciones clim\u00e1ticas m\u00e1s severas se han registrado en la regi\u00f3n del Altiplano, donde municipios como Villa de Ramos, Catorce y Vanegas han presentado temperaturas de hasta menos dos grados cent\u00edgrados, lo que ha requerido intensificar acciones preventivas y de auxilio.<\/p>\n\n\n\n<p>Durante la \u00faltima semana, 350 personas fueron trasladadas a refugios temporales, donde recibieron atenci\u00f3n m\u00e9dica, alimentos calientes y espacios seguros para resguardarse del fr\u00edo. De manera complementaria, se reforz\u00f3 la entrega de apoyos, con la distribuci\u00f3n semanal de alrededor de mil 600 cobijas y chamarras en comunidades de mayor riesgo y marginaci\u00f3n, priorizando a ni\u00f1os y personas adultas mayores.<\/p>\n\n\n\n<p>Las acciones forman parte de la estrategia de atenci\u00f3n invernal que se mantiene activa para reducir afectaciones a la salud y garantizar condiciones m\u00ednimas de protecci\u00f3n durante la temporada de fr\u00edo en todo el estado.<\/p>\n","protected":false},"excerpt":{"rendered":"<p>El operativo invernal mantiene atenci\u00f3n permanente en zonas de mayor riesgo, con traslados a refugios temporales y entrega de apoyos para mitigar los efectos del fr\u00edo extremo.<\/p>\n","protected":false},"author":4,"featured_media":43216,"comment_status":"closed","ping_status":"closed","sticky":false,"template":"","format":"standard","meta":{"_et_pb_use_builder":"off","_et_pb_old_content":"","_et_gb_content_width":"","footnotes":""},"categories":[280],"tags":[190,72,66],"class_list":["post-43215","post","type-post","status-publish","format-standard","has-post-thumbnail","hentry","category-gob-slp","tag-cepc","tag-gobierno-del-estado","tag-san-luis-potosi"],"_links":{"self":[{"href":"https:\/\/gerardoduque.com.mx\/index.php?rest_route=\/wp\/v2\/posts\/43215","targetHints":{"allow":["GET"]}}],"collection":[{"href":"https:\/\/gerardoduque.com.mx\/index.php?rest_route=\/wp\/v2\/posts"}],"about":[{"href":"https:\/\/gerardoduque.com.mx\/index.php?rest_route=\/wp\/v2\/types\/post"}],"author":[{"embeddable":true,"href":"https:\/\/gerardoduque.com.mx\/index.php?rest_route=\/wp\/v2\/users\/4"}],"replies":[{"embeddable":true,"href":"https:\/\/gerardoduque.com.mx\/index.php?rest_route=%2Fwp%2Fv2%2Fcomments&post=43215"}],"version-history":[{"count":0,"href":"https:\/\/gerardoduque.com.mx\/index.php?rest_route=\/wp\/v2\/posts\/43215\/revisions"}],"wp:featuredmedia":[{"embeddable":true,"href":"https:\/\/gerardoduque.com.mx\/index.php?rest_route=\/wp\/v2\/media\/43216"}],"wp:attachment":[{"href":"https:\/\/gerardoduque.com.mx\/index.php?rest_route=%2Fwp%2Fv2%2Fmedia&parent=43215"}],"wp:term":[{"taxonomy":"category","embeddable":true,"href":"https:\/\/gerardoduque.com.mx\/index.php?rest_route=%2Fwp%2Fv2%2Fcategories&post=43215"},{"taxonomy":"post_tag","embeddable":true,"href":"https:\/\/gerardoduque.com.mx\/index.php?rest_route=%2Fwp%2Fv2%2Ftags&post=43215"}],"curies":[{"name":"wp","href":"https:\/\/api.w.org\/{rel}","templated":true}]}}