{"id":43212,"date":"2026-01-20T09:51:14","date_gmt":"2026-01-20T15:51:14","guid":{"rendered":"https:\/\/gerardoduque.com.mx\/?p=43212"},"modified":"2026-01-20T09:51:20","modified_gmt":"2026-01-20T15:51:20","slug":"abren-convocatoria-2026-para-apoyos-a-formacion-cientifica-y-tecnologica","status":"publish","type":"post","link":"https:\/\/gerardoduque.com.mx\/?p=43212","title":{"rendered":"ABREN CONVOCATORIA 2026 PARA APOYOS A FORMACI\u00d3N CIENT\u00cdFICA Y TECNOL\u00d3GICA"},"content":{"rendered":"\n<p>Con el objetivo de fortalecer la formaci\u00f3n de recursos humanos en investigaci\u00f3n, desarrollo tecnol\u00f3gico e innovaci\u00f3n, el Consejo Potosino de Ciencia y Tecnolog\u00eda public\u00f3 la Convocatoria 2026-01 del Programa de apoyos para fortalecer la formaci\u00f3n de recursos humanos, con recursos del Fideicomiso 23871.<\/p>\n\n\n\n<p>La convocatoria, vigente desde el 12 de enero de 2026, contempla apoyos para la participaci\u00f3n en eventos de investigaci\u00f3n y divulgaci\u00f3n cient\u00edfica, la realizaci\u00f3n de estancias acad\u00e9micas en instituciones nacionales o internacionales, as\u00ed como la organizaci\u00f3n de encuentros cient\u00edficos, tecnol\u00f3gicos o de innovaci\u00f3n en San Luis Potos\u00ed. Para la recepci\u00f3n de solicitudes se establecieron tres periodos: el primero con cierre el 27 de marzo, el segundo el 19 de junio y el tercero el 11 de septiembre.<\/p>\n\n\n\n<p>El programa est\u00e1 dirigido a instituciones educativas p\u00fablicas y privadas de nivel b\u00e1sico y medio superior, universidades, centros de investigaci\u00f3n, laboratorios y entidades gubernamentales que forman parte del sistema educativo estatal. Las bases completas pueden consultarse en el sitio oficial del Copocyt: <a href=\"https:\/\/sedeco.slp.gob.mx\/copocyt\/convocatorias\/convocatorias-2026-01\/\">https:\/\/sedeco.slp.gob.mx\/copocyt\/convocatorias\/convocatorias-2026-01\/<\/a>.<\/p>\n","protected":false},"excerpt":{"rendered":"<p>La convocatoria busca apoyar estancias, participaci\u00f3n en eventos y la organizaci\u00f3n de encuentros cient\u00edficos y tecnol\u00f3gicos durante 2026.<\/p>\n","protected":false},"author":4,"featured_media":43213,"comment_status":"closed","ping_status":"closed","sticky":false,"template":"","format":"standard","meta":{"_et_pb_use_builder":"off","_et_pb_old_content":"","_et_gb_content_width":"","footnotes":""},"categories":[280],"tags":[208,72,66],"class_list":["post-43212","post","type-post","status-publish","format-standard","has-post-thumbnail","hentry","category-gob-slp","tag-copocyt","tag-gobierno-del-estado","tag-san-luis-potosi"],"_links":{"self":[{"href":"https:\/\/gerardoduque.com.mx\/index.php?rest_route=\/wp\/v2\/posts\/43212","targetHints":{"allow":["GET"]}}],"collection":[{"href":"https:\/\/gerardoduque.com.mx\/index.php?rest_route=\/wp\/v2\/posts"}],"about":[{"href":"https:\/\/gerardoduque.com.mx\/index.php?rest_route=\/wp\/v2\/types\/post"}],"author":[{"embeddable":true,"href":"https:\/\/gerardoduque.com.mx\/index.php?rest_route=\/wp\/v2\/users\/4"}],"replies":[{"embeddable":true,"href":"https:\/\/gerardoduque.com.mx\/index.php?rest_route=%2Fwp%2Fv2%2Fcomments&post=43212"}],"version-history":[{"count":0,"href":"https:\/\/gerardoduque.com.mx\/index.php?rest_route=\/wp\/v2\/posts\/43212\/revisions"}],"wp:featuredmedia":[{"embeddable":true,"href":"https:\/\/gerardoduque.com.mx\/index.php?rest_route=\/wp\/v2\/media\/43213"}],"wp:attachment":[{"href":"https:\/\/gerardoduque.com.mx\/index.php?rest_route=%2Fwp%2Fv2%2Fmedia&parent=43212"}],"wp:term":[{"taxonomy":"category","embeddable":true,"href":"https:\/\/gerardoduque.com.mx\/index.php?rest_route=%2Fwp%2Fv2%2Fcategories&post=43212"},{"taxonomy":"post_tag","embeddable":true,"href":"https:\/\/gerardoduque.com.mx\/index.php?rest_route=%2Fwp%2Fv2%2Ftags&post=43212"}],"curies":[{"name":"wp","href":"https:\/\/api.w.org\/{rel}","templated":true}]}}