{"id":43209,"date":"2026-01-20T09:14:57","date_gmt":"2026-01-20T15:14:57","guid":{"rendered":"https:\/\/gerardoduque.com.mx\/?p=43209"},"modified":"2026-01-20T09:15:03","modified_gmt":"2026-01-20T15:15:03","slug":"rescatan-a-caballo-atrapado-en-glorieta-de-lomas-del-pedregal","status":"publish","type":"post","link":"https:\/\/gerardoduque.com.mx\/?p=43209","title":{"rendered":"RESCATAN A CABALLO ATRAPADO EN GLORIETA DE LOMAS DEL PEDREGAL"},"content":{"rendered":"\n<p>Tras una denuncia ciudadana por un caballo atrapado en una glorieta del fraccionamiento Lomas del Pedregal, se activ\u00f3 un operativo para atender la situaci\u00f3n de manera inmediata y salvaguardar al animal.<\/p>\n\n\n\n<p>Al lugar acudi\u00f3 personal de la Coordinaci\u00f3n Estatal de Protecci\u00f3n Civil y de la Guardia Civil Estatal, quienes coordinaron las maniobras necesarias para liberar al equino y ponerlo a salvo, sin que se registraran riesgos mayores para el animal ni para la poblaci\u00f3n.<\/p>\n\n\n\n<p>La intervenci\u00f3n permiti\u00f3 resolver el incidente de forma oportuna, derivado de la atenci\u00f3n al reporte ciudadano, y se dio seguimiento para garantizar el bienestar del animal tras su rescate.<\/p>\n","protected":false},"excerpt":{"rendered":"<p>Un caballo fue rescatado tras quedar atrapado en una glorieta del fraccionamiento Lomas del Pedregal, luego de un reporte ciudadano que permiti\u00f3 la intervenci\u00f3n de las autoridades.<\/p>\n","protected":false},"author":4,"featured_media":43210,"comment_status":"closed","ping_status":"closed","sticky":false,"template":"","format":"standard","meta":{"_et_pb_use_builder":"off","_et_pb_old_content":"","_et_gb_content_width":"","footnotes":""},"categories":[280],"tags":[190,72,66],"class_list":["post-43209","post","type-post","status-publish","format-standard","has-post-thumbnail","hentry","category-gob-slp","tag-cepc","tag-gobierno-del-estado","tag-san-luis-potosi"],"_links":{"self":[{"href":"https:\/\/gerardoduque.com.mx\/index.php?rest_route=\/wp\/v2\/posts\/43209","targetHints":{"allow":["GET"]}}],"collection":[{"href":"https:\/\/gerardoduque.com.mx\/index.php?rest_route=\/wp\/v2\/posts"}],"about":[{"href":"https:\/\/gerardoduque.com.mx\/index.php?rest_route=\/wp\/v2\/types\/post"}],"author":[{"embeddable":true,"href":"https:\/\/gerardoduque.com.mx\/index.php?rest_route=\/wp\/v2\/users\/4"}],"replies":[{"embeddable":true,"href":"https:\/\/gerardoduque.com.mx\/index.php?rest_route=%2Fwp%2Fv2%2Fcomments&post=43209"}],"version-history":[{"count":0,"href":"https:\/\/gerardoduque.com.mx\/index.php?rest_route=\/wp\/v2\/posts\/43209\/revisions"}],"wp:featuredmedia":[{"embeddable":true,"href":"https:\/\/gerardoduque.com.mx\/index.php?rest_route=\/wp\/v2\/media\/43210"}],"wp:attachment":[{"href":"https:\/\/gerardoduque.com.mx\/index.php?rest_route=%2Fwp%2Fv2%2Fmedia&parent=43209"}],"wp:term":[{"taxonomy":"category","embeddable":true,"href":"https:\/\/gerardoduque.com.mx\/index.php?rest_route=%2Fwp%2Fv2%2Fcategories&post=43209"},{"taxonomy":"post_tag","embeddable":true,"href":"https:\/\/gerardoduque.com.mx\/index.php?rest_route=%2Fwp%2Fv2%2Ftags&post=43209"}],"curies":[{"name":"wp","href":"https:\/\/api.w.org\/{rel}","templated":true}]}}