{"id":43206,"date":"2026-01-20T09:09:17","date_gmt":"2026-01-20T15:09:17","guid":{"rendered":"https:\/\/gerardoduque.com.mx\/?p=43206"},"modified":"2026-01-20T09:09:26","modified_gmt":"2026-01-20T15:09:26","slug":"slp-se-promocionara-en-feria-internacional-de-turismo-2026-en-madrid","status":"publish","type":"post","link":"https:\/\/gerardoduque.com.mx\/?p=43206","title":{"rendered":"SLP SE PROMOCIONAR\u00c1 EN FERIA INTERNACIONAL DE TURISMO 2026 EN MADRID"},"content":{"rendered":"\n<p>Del 21 al 26 de enero, el Gobierno del Estado formar\u00e1 parte de la Feria Internacional de Turismo (FITUR) 2026, que se realizar\u00e1 en la Instituci\u00f3n Ferial de Madrid (IFEMA), uno de los encuentros m\u00e1s relevantes a nivel mundial para la industria tur\u00edstica.<\/p>\n\n\n\n<p>En representaci\u00f3n del Ejecutivo Estatal, asistir\u00e1n el secretario general de Gobierno, J. Guadalupe Torres S\u00e1nchez, y la titular de la Secretar\u00eda de Turismo, Yolanda Josefina Cepeda Echavarr\u00eda, quienes desarrollar\u00e1n una agenda enfocada en la promoci\u00f3n tur\u00edstica, la vinculaci\u00f3n con operadores internacionales y la proyecci\u00f3n del Estado como destino ante mercados europeos y de otras regiones.<\/p>\n\n\n\n<p>Durante la feria se dar\u00e1 difusi\u00f3n a la oferta tur\u00edstica de las cuatro regiones, incluyendo rutas emblem\u00e1ticas, tradiciones, artesan\u00edas, gastronom\u00eda y productos locales, con el objetivo de posicionar a San Luis Potos\u00ed como un destino competitivo y atractivo dentro del mercado internacional, bajo el concepto de \u201cDestino Surrealista de M\u00e9xico\u201d.<\/p>\n","protected":false},"excerpt":{"rendered":"<p>San Luis Potos\u00ed participar\u00e1 en la Feria Internacional de Turismo 2026 como parte de una estrategia para ampliar su presencia en el mercado tur\u00edstico internacional y diversificar la promoci\u00f3n del Estado ante profesionales del sector.<\/p>\n","protected":false},"author":4,"featured_media":43207,"comment_status":"closed","ping_status":"closed","sticky":false,"template":"","format":"standard","meta":{"_et_pb_use_builder":"off","_et_pb_old_content":"","_et_gb_content_width":"","footnotes":""},"categories":[280],"tags":[72,66,316],"class_list":["post-43206","post","type-post","status-publish","format-standard","has-post-thumbnail","hentry","category-gob-slp","tag-gobierno-del-estado","tag-san-luis-potosi","tag-sectur"],"_links":{"self":[{"href":"https:\/\/gerardoduque.com.mx\/index.php?rest_route=\/wp\/v2\/posts\/43206","targetHints":{"allow":["GET"]}}],"collection":[{"href":"https:\/\/gerardoduque.com.mx\/index.php?rest_route=\/wp\/v2\/posts"}],"about":[{"href":"https:\/\/gerardoduque.com.mx\/index.php?rest_route=\/wp\/v2\/types\/post"}],"author":[{"embeddable":true,"href":"https:\/\/gerardoduque.com.mx\/index.php?rest_route=\/wp\/v2\/users\/4"}],"replies":[{"embeddable":true,"href":"https:\/\/gerardoduque.com.mx\/index.php?rest_route=%2Fwp%2Fv2%2Fcomments&post=43206"}],"version-history":[{"count":0,"href":"https:\/\/gerardoduque.com.mx\/index.php?rest_route=\/wp\/v2\/posts\/43206\/revisions"}],"wp:featuredmedia":[{"embeddable":true,"href":"https:\/\/gerardoduque.com.mx\/index.php?rest_route=\/wp\/v2\/media\/43207"}],"wp:attachment":[{"href":"https:\/\/gerardoduque.com.mx\/index.php?rest_route=%2Fwp%2Fv2%2Fmedia&parent=43206"}],"wp:term":[{"taxonomy":"category","embeddable":true,"href":"https:\/\/gerardoduque.com.mx\/index.php?rest_route=%2Fwp%2Fv2%2Fcategories&post=43206"},{"taxonomy":"post_tag","embeddable":true,"href":"https:\/\/gerardoduque.com.mx\/index.php?rest_route=%2Fwp%2Fv2%2Ftags&post=43206"}],"curies":[{"name":"wp","href":"https:\/\/api.w.org\/{rel}","templated":true}]}}