{"id":43184,"date":"2026-01-19T07:07:57","date_gmt":"2026-01-19T13:07:57","guid":{"rendered":"https:\/\/gerardoduque.com.mx\/?p=43184"},"modified":"2026-01-19T07:08:08","modified_gmt":"2026-01-19T13:08:08","slug":"jornada-de-paz-llega-a-secundaria-camilo-arriaga-con-actividades-preventivas","status":"publish","type":"post","link":"https:\/\/gerardoduque.com.mx\/?p=43184","title":{"rendered":"JORNADA DE PAZ LLEGA A SECUNDARIA CAMILO ARRIAGA CON ACTIVIDADES PREVENTIVAS"},"content":{"rendered":"\n<p>Con el objetivo de fortalecer entornos educativos seguros, se llev\u00f3 a cabo una Jornada de Paz en la escuela secundaria Camilo Arriaga, mediante actividades orientadas a la prevenci\u00f3n de conductas de riesgo y la promoci\u00f3n de una cultura de respeto entre la comunidad escolar.<\/p>\n\n\n\n<p>Durante la jornada se impartieron pl\u00e1ticas informativas sobre riesgos digitales, extorsi\u00f3n, perspectiva de g\u00e9nero, manejo del estr\u00e9s, cultura de la legalidad y uso responsable de la tecnolog\u00eda, dirigidas a estudiantes, con el fin de brindar herramientas pr\u00e1cticas para la toma de decisiones y la convivencia dentro y fuera del plantel.<\/p>\n\n\n\n<p>Estas acciones forman parte de un esquema de trabajo preventivo enfocado en el bienestar y la convivencia pac\u00edfica de la comunidad estudiantil, con \u00e9nfasis en la informaci\u00f3n, la orientaci\u00f3n y la construcci\u00f3n de espacios escolares seguros.<\/p>\n","protected":false},"excerpt":{"rendered":"<p>Se realizaron actividades preventivas y formativas dirigidas a estudiantes, como parte de una estrategia enfocada en la convivencia pac\u00edfica y la seguridad en el entorno escolar.<\/p>\n","protected":false},"author":4,"featured_media":43185,"comment_status":"closed","ping_status":"closed","sticky":false,"template":"","format":"standard","meta":{"_et_pb_use_builder":"off","_et_pb_old_content":"","_et_gb_content_width":"","footnotes":""},"categories":[280],"tags":[72,66,344],"class_list":["post-43184","post","type-post","status-publish","format-standard","has-post-thumbnail","hentry","category-gob-slp","tag-gobierno-del-estado","tag-san-luis-potosi","tag-secesp"],"_links":{"self":[{"href":"https:\/\/gerardoduque.com.mx\/index.php?rest_route=\/wp\/v2\/posts\/43184","targetHints":{"allow":["GET"]}}],"collection":[{"href":"https:\/\/gerardoduque.com.mx\/index.php?rest_route=\/wp\/v2\/posts"}],"about":[{"href":"https:\/\/gerardoduque.com.mx\/index.php?rest_route=\/wp\/v2\/types\/post"}],"author":[{"embeddable":true,"href":"https:\/\/gerardoduque.com.mx\/index.php?rest_route=\/wp\/v2\/users\/4"}],"replies":[{"embeddable":true,"href":"https:\/\/gerardoduque.com.mx\/index.php?rest_route=%2Fwp%2Fv2%2Fcomments&post=43184"}],"version-history":[{"count":0,"href":"https:\/\/gerardoduque.com.mx\/index.php?rest_route=\/wp\/v2\/posts\/43184\/revisions"}],"wp:featuredmedia":[{"embeddable":true,"href":"https:\/\/gerardoduque.com.mx\/index.php?rest_route=\/wp\/v2\/media\/43185"}],"wp:attachment":[{"href":"https:\/\/gerardoduque.com.mx\/index.php?rest_route=%2Fwp%2Fv2%2Fmedia&parent=43184"}],"wp:term":[{"taxonomy":"category","embeddable":true,"href":"https:\/\/gerardoduque.com.mx\/index.php?rest_route=%2Fwp%2Fv2%2Fcategories&post=43184"},{"taxonomy":"post_tag","embeddable":true,"href":"https:\/\/gerardoduque.com.mx\/index.php?rest_route=%2Fwp%2Fv2%2Ftags&post=43184"}],"curies":[{"name":"wp","href":"https:\/\/api.w.org\/{rel}","templated":true}]}}