{"id":43178,"date":"2026-01-19T07:03:35","date_gmt":"2026-01-19T13:03:35","guid":{"rendered":"https:\/\/gerardoduque.com.mx\/?p=43178"},"modified":"2026-01-19T07:03:40","modified_gmt":"2026-01-19T13:03:40","slug":"inicia-programa-de-capacitacion-automotriz-t-tep-para-jovenes-potosinos","status":"publish","type":"post","link":"https:\/\/gerardoduque.com.mx\/?p=43178","title":{"rendered":"INICIA PROGRAMA DE CAPACITACI\u00d3N AUTOMOTRIZ T-TEP PARA J\u00d3VENES POTOSINOS"},"content":{"rendered":"\n<p>El Instituto de Capacitaci\u00f3n para el Trabajo puso en marcha en San Luis Potos\u00ed el Programa T-TEP (Toyota Technical Education Program), en coordinaci\u00f3n con Casa Don Bosco y aliados del sector automotriz, con el objetivo de fortalecer la formaci\u00f3n t\u00e9cnica especializada y la vinculaci\u00f3n entre educaci\u00f3n y empleo.<\/p>\n\n\n\n<p>El programa contempla una capacitaci\u00f3n te\u00f3rico-pr\u00e1ctica en mantenimiento y reparaci\u00f3n automotriz, basada en la metodolog\u00eda y procesos de la filosof\u00eda Toyota, con una duraci\u00f3n total de 10 meses. La formaci\u00f3n est\u00e1 orientada a responder a las necesidades actuales del sector automotriz y a facilitar la incorporaci\u00f3n de personal t\u00e9cnico calificado.<\/p>\n\n\n\n<p>La estrategia est\u00e1 dirigida a j\u00f3venes de entre 18 y 25 a\u00f1os, es de car\u00e1cter gratuito y busca brindar herramientas t\u00e9cnicas que permitan el acceso al empleo formal o el desarrollo de proyectos de autoempleo en el \u00e1mbito automotriz, como parte de las acciones de capacitaci\u00f3n que se realizan en la entidad.<\/p>\n","protected":false},"excerpt":{"rendered":"<p>Un nuevo programa de capacitaci\u00f3n automotriz inici\u00f3 en la entidad con un modelo de formaci\u00f3n t\u00e9cnica orientado a la empleabilidad y el autoempleo de j\u00f3venes.<\/p>\n","protected":false},"author":4,"featured_media":43181,"comment_status":"closed","ping_status":"closed","sticky":false,"template":"","format":"standard","meta":{"_et_pb_use_builder":"off","_et_pb_old_content":"","_et_gb_content_width":"","footnotes":""},"categories":[280],"tags":[72,281,66],"class_list":["post-43178","post","type-post","status-publish","format-standard","has-post-thumbnail","hentry","category-gob-slp","tag-gobierno-del-estado","tag-icat","tag-san-luis-potosi"],"_links":{"self":[{"href":"https:\/\/gerardoduque.com.mx\/index.php?rest_route=\/wp\/v2\/posts\/43178","targetHints":{"allow":["GET"]}}],"collection":[{"href":"https:\/\/gerardoduque.com.mx\/index.php?rest_route=\/wp\/v2\/posts"}],"about":[{"href":"https:\/\/gerardoduque.com.mx\/index.php?rest_route=\/wp\/v2\/types\/post"}],"author":[{"embeddable":true,"href":"https:\/\/gerardoduque.com.mx\/index.php?rest_route=\/wp\/v2\/users\/4"}],"replies":[{"embeddable":true,"href":"https:\/\/gerardoduque.com.mx\/index.php?rest_route=%2Fwp%2Fv2%2Fcomments&post=43178"}],"version-history":[{"count":0,"href":"https:\/\/gerardoduque.com.mx\/index.php?rest_route=\/wp\/v2\/posts\/43178\/revisions"}],"wp:featuredmedia":[{"embeddable":true,"href":"https:\/\/gerardoduque.com.mx\/index.php?rest_route=\/wp\/v2\/media\/43181"}],"wp:attachment":[{"href":"https:\/\/gerardoduque.com.mx\/index.php?rest_route=%2Fwp%2Fv2%2Fmedia&parent=43178"}],"wp:term":[{"taxonomy":"category","embeddable":true,"href":"https:\/\/gerardoduque.com.mx\/index.php?rest_route=%2Fwp%2Fv2%2Fcategories&post=43178"},{"taxonomy":"post_tag","embeddable":true,"href":"https:\/\/gerardoduque.com.mx\/index.php?rest_route=%2Fwp%2Fv2%2Ftags&post=43178"}],"curies":[{"name":"wp","href":"https:\/\/api.w.org\/{rel}","templated":true}]}}