{"id":43175,"date":"2026-01-19T06:57:23","date_gmt":"2026-01-19T12:57:23","guid":{"rendered":"https:\/\/gerardoduque.com.mx\/?p=43175"},"modified":"2026-01-19T06:57:31","modified_gmt":"2026-01-19T12:57:31","slug":"impartiran-curso-gratuito-de-lengua-de-senas-mexicana","status":"publish","type":"post","link":"https:\/\/gerardoduque.com.mx\/?p=43175","title":{"rendered":"IMPARTIR\u00c1N CURSO GRATUITO DE LENGUA DE SE\u00d1AS MEXICANA"},"content":{"rendered":"\n<p>El Sistema Estatal para el Desarrollo Integral de la Familia realizar\u00e1 una nueva edici\u00f3n del curso gratuito de Lengua de Se\u00f1as Mexicana, que se llevar\u00e1 a cabo de forma presencial el pr\u00f3ximo 30 de enero en el Centro de Rehabilitaci\u00f3n y Educaci\u00f3n Especial.<\/p>\n\n\n\n<p>La jornada se desarrollar\u00e1 de 9:00 a 14:00 horas y est\u00e1 dirigida a personas interesadas en adquirir conocimientos b\u00e1sicos que les permitan comunicarse de manera sencilla con la comunidad sorda. Durante el curso se abordar\u00e1 el uso del abecedario manual y los principales elementos ling\u00fc\u00edsticos de la Lengua de Se\u00f1as Mexicana.<\/p>\n\n\n\n<p>La actividad busca facilitar una comunicaci\u00f3n m\u00e1s accesible en distintos entornos sociales y fortalecer la comprensi\u00f3n sobre esta forma de expresi\u00f3n. Para mayor informaci\u00f3n, las personas interesadas pueden comunicarse al tel\u00e9fono 444 167 60 03, de lunes a viernes, en un horario de 8:00 a 15:00 horas.<\/p>\n","protected":false},"excerpt":{"rendered":"<p>Un curso gratuito de Lengua de Se\u00f1as Mexicana se realizar\u00e1 de manera presencial el 30 de enero en el CREE, en la capital de SLP, con el objetivo de brindar herramientas b\u00e1sicas de comunicaci\u00f3n a la poblaci\u00f3n interesada.<\/p>\n","protected":false},"author":4,"featured_media":43176,"comment_status":"closed","ping_status":"closed","sticky":false,"template":"","format":"standard","meta":{"_et_pb_use_builder":"off","_et_pb_old_content":"","_et_gb_content_width":"","footnotes":""},"categories":[280],"tags":[180,72,66],"class_list":["post-43175","post","type-post","status-publish","format-standard","has-post-thumbnail","hentry","category-gob-slp","tag-dif-estatal","tag-gobierno-del-estado","tag-san-luis-potosi"],"_links":{"self":[{"href":"https:\/\/gerardoduque.com.mx\/index.php?rest_route=\/wp\/v2\/posts\/43175","targetHints":{"allow":["GET"]}}],"collection":[{"href":"https:\/\/gerardoduque.com.mx\/index.php?rest_route=\/wp\/v2\/posts"}],"about":[{"href":"https:\/\/gerardoduque.com.mx\/index.php?rest_route=\/wp\/v2\/types\/post"}],"author":[{"embeddable":true,"href":"https:\/\/gerardoduque.com.mx\/index.php?rest_route=\/wp\/v2\/users\/4"}],"replies":[{"embeddable":true,"href":"https:\/\/gerardoduque.com.mx\/index.php?rest_route=%2Fwp%2Fv2%2Fcomments&post=43175"}],"version-history":[{"count":0,"href":"https:\/\/gerardoduque.com.mx\/index.php?rest_route=\/wp\/v2\/posts\/43175\/revisions"}],"wp:featuredmedia":[{"embeddable":true,"href":"https:\/\/gerardoduque.com.mx\/index.php?rest_route=\/wp\/v2\/media\/43176"}],"wp:attachment":[{"href":"https:\/\/gerardoduque.com.mx\/index.php?rest_route=%2Fwp%2Fv2%2Fmedia&parent=43175"}],"wp:term":[{"taxonomy":"category","embeddable":true,"href":"https:\/\/gerardoduque.com.mx\/index.php?rest_route=%2Fwp%2Fv2%2Fcategories&post=43175"},{"taxonomy":"post_tag","embeddable":true,"href":"https:\/\/gerardoduque.com.mx\/index.php?rest_route=%2Fwp%2Fv2%2Ftags&post=43175"}],"curies":[{"name":"wp","href":"https:\/\/api.w.org\/{rel}","templated":true}]}}