{"id":43161,"date":"2026-01-18T11:36:40","date_gmt":"2026-01-18T17:36:40","guid":{"rendered":"https:\/\/gerardoduque.com.mx\/?p=43161"},"modified":"2026-01-18T11:36:46","modified_gmt":"2026-01-18T17:36:46","slug":"ampliaran-atencion-domiciliaria-de-salud-a-huasteca-y-altiplano","status":"publish","type":"post","link":"https:\/\/gerardoduque.com.mx\/?p=43161","title":{"rendered":"AMPLIAR\u00c1N ATENCI\u00d3N DOMICILIARIA DE SALUD A HUASTECA Y ALTIPLANO"},"content":{"rendered":"\n<p>El programa \u201cVisitando Corazones\u201d ampliar\u00e1 su cobertura a las regiones Huasteca y Altiplano, con el objetivo de llevar atenci\u00f3n primaria de salud directamente a los domicilios y fortalecer el acceso a servicios b\u00e1sicos en distintas zonas del estado.<\/p>\n\n\n\n<p>El programa inici\u00f3 operaciones en octubre en la capital, donde se han realizado acciones como vacunaci\u00f3n, medici\u00f3n de glucosa y presi\u00f3n arterial, entrega de medicamentos y canalizaci\u00f3n a centros de salud u hospitales cuando se requiere. Est\u00e1 previsto que la atenci\u00f3n en Huasteca y Altiplano comience a partir del mes de febrero.<\/p>\n\n\n\n<p>Con la expansi\u00f3n a otras regiones, en la capital se reforzar\u00e1 la atenci\u00f3n en las colonias previamente visitadas, incorporando servicios adicionales como vacunaci\u00f3n y esterilizaci\u00f3n de mascotas. Posteriormente, se contempla extender el programa a la regi\u00f3n Media, cuya fecha de inicio ser\u00e1 informada oportunamente.<\/p>\n","protected":false},"excerpt":{"rendered":"<p>El programa de atenci\u00f3n primaria en domicilios se ampliar\u00e1 a nuevas regiones a partir de febrero, mientras se refuerzan servicios en colonias ya atendidas en la capital.<\/p>\n","protected":false},"author":4,"featured_media":43162,"comment_status":"closed","ping_status":"closed","sticky":false,"template":"","format":"standard","meta":{"_et_pb_use_builder":"off","_et_pb_old_content":"","_et_gb_content_width":"","footnotes":""},"categories":[280],"tags":[72,66,217],"class_list":["post-43161","post","type-post","status-publish","format-standard","has-post-thumbnail","hentry","category-gob-slp","tag-gobierno-del-estado","tag-san-luis-potosi","tag-ssa"],"_links":{"self":[{"href":"https:\/\/gerardoduque.com.mx\/index.php?rest_route=\/wp\/v2\/posts\/43161","targetHints":{"allow":["GET"]}}],"collection":[{"href":"https:\/\/gerardoduque.com.mx\/index.php?rest_route=\/wp\/v2\/posts"}],"about":[{"href":"https:\/\/gerardoduque.com.mx\/index.php?rest_route=\/wp\/v2\/types\/post"}],"author":[{"embeddable":true,"href":"https:\/\/gerardoduque.com.mx\/index.php?rest_route=\/wp\/v2\/users\/4"}],"replies":[{"embeddable":true,"href":"https:\/\/gerardoduque.com.mx\/index.php?rest_route=%2Fwp%2Fv2%2Fcomments&post=43161"}],"version-history":[{"count":0,"href":"https:\/\/gerardoduque.com.mx\/index.php?rest_route=\/wp\/v2\/posts\/43161\/revisions"}],"wp:featuredmedia":[{"embeddable":true,"href":"https:\/\/gerardoduque.com.mx\/index.php?rest_route=\/wp\/v2\/media\/43162"}],"wp:attachment":[{"href":"https:\/\/gerardoduque.com.mx\/index.php?rest_route=%2Fwp%2Fv2%2Fmedia&parent=43161"}],"wp:term":[{"taxonomy":"category","embeddable":true,"href":"https:\/\/gerardoduque.com.mx\/index.php?rest_route=%2Fwp%2Fv2%2Fcategories&post=43161"},{"taxonomy":"post_tag","embeddable":true,"href":"https:\/\/gerardoduque.com.mx\/index.php?rest_route=%2Fwp%2Fv2%2Ftags&post=43161"}],"curies":[{"name":"wp","href":"https:\/\/api.w.org\/{rel}","templated":true}]}}