{"id":43148,"date":"2026-01-18T09:20:28","date_gmt":"2026-01-18T15:20:28","guid":{"rendered":"https:\/\/gerardoduque.com.mx\/?p=43148"},"modified":"2026-01-18T09:20:35","modified_gmt":"2026-01-18T15:20:35","slug":"nueva-linea-5-de-redmetro-conectara-capital-y-soledad","status":"publish","type":"post","link":"https:\/\/gerardoduque.com.mx\/?p=43148","title":{"rendered":"NUEVA L\u00cdNEA 5 DE REDMETRO CONECTAR\u00c1 CAPITAL Y SOLEDAD"},"content":{"rendered":"\n<p>El Gobierno del Estado anunci\u00f3 la pr\u00f3xima puesta en operaci\u00f3n de la L\u00ednea 5 Soledad del sistema RedMetro, como parte de las acciones para ampliar la cobertura del transporte p\u00fablico gratuito y mejorar la movilidad en la zona metropolitana.<\/p>\n\n\n\n<p>La ruta partir\u00e1 desde la zona de transferencia ubicada en la Alameda Juan Sarabia y se extender\u00e1 hasta C\u00e1ndido Navarro, con conexi\u00f3n directa al Aeropuerto Internacional de San Luis Potos\u00ed, lo que facilitar\u00e1 el traslado cotidiano de usuarios que se desplazan entre la capital y Soledad de Graciano S\u00e1nchez, as\u00ed como de personas que utilizan el transporte a\u00e9reo.<\/p>\n\n\n\n<p>De acuerdo con la informaci\u00f3n difundida, la L\u00ednea 5 contar\u00e1 con 24 paradas y una terminal, ubicadas en puntos de alta afluencia, con el objetivo de reducir tiempos de traslado y ofrecer una opci\u00f3n de transporte accesible y ordenada.<\/p>\n\n\n\n<p>Con esta incorporaci\u00f3n, el sistema RedMetro ampl\u00eda su red de rutas en la zona metropolitana, fortaleciendo la conectividad urbana y el acceso al transporte p\u00fablico gratuito como una alternativa de movilidad para la poblaci\u00f3n.<\/p>\n","protected":false},"excerpt":{"rendered":"<p>La incorporaci\u00f3n de una nueva ruta de transporte gratuito ampliar\u00e1 la conectividad entre la capital y Soledad de Graciano S\u00e1nchez, con paradas en puntos estrat\u00e9gicos de la zona metropolitana.<\/p>\n","protected":false},"author":4,"featured_media":43149,"comment_status":"closed","ping_status":"closed","sticky":false,"template":"","format":"standard","meta":{"_et_pb_use_builder":"off","_et_pb_old_content":"","_et_gb_content_width":"","footnotes":""},"categories":[280],"tags":[72,502,66,216],"class_list":["post-43148","post","type-post","status-publish","format-standard","has-post-thumbnail","hentry","category-gob-slp","tag-gobierno-del-estado","tag-metrored","tag-san-luis-potosi","tag-sct"],"_links":{"self":[{"href":"https:\/\/gerardoduque.com.mx\/index.php?rest_route=\/wp\/v2\/posts\/43148","targetHints":{"allow":["GET"]}}],"collection":[{"href":"https:\/\/gerardoduque.com.mx\/index.php?rest_route=\/wp\/v2\/posts"}],"about":[{"href":"https:\/\/gerardoduque.com.mx\/index.php?rest_route=\/wp\/v2\/types\/post"}],"author":[{"embeddable":true,"href":"https:\/\/gerardoduque.com.mx\/index.php?rest_route=\/wp\/v2\/users\/4"}],"replies":[{"embeddable":true,"href":"https:\/\/gerardoduque.com.mx\/index.php?rest_route=%2Fwp%2Fv2%2Fcomments&post=43148"}],"version-history":[{"count":0,"href":"https:\/\/gerardoduque.com.mx\/index.php?rest_route=\/wp\/v2\/posts\/43148\/revisions"}],"wp:featuredmedia":[{"embeddable":true,"href":"https:\/\/gerardoduque.com.mx\/index.php?rest_route=\/wp\/v2\/media\/43149"}],"wp:attachment":[{"href":"https:\/\/gerardoduque.com.mx\/index.php?rest_route=%2Fwp%2Fv2%2Fmedia&parent=43148"}],"wp:term":[{"taxonomy":"category","embeddable":true,"href":"https:\/\/gerardoduque.com.mx\/index.php?rest_route=%2Fwp%2Fv2%2Fcategories&post=43148"},{"taxonomy":"post_tag","embeddable":true,"href":"https:\/\/gerardoduque.com.mx\/index.php?rest_route=%2Fwp%2Fv2%2Ftags&post=43148"}],"curies":[{"name":"wp","href":"https:\/\/api.w.org\/{rel}","templated":true}]}}