{"id":43116,"date":"2026-01-17T07:22:57","date_gmt":"2026-01-17T13:22:57","guid":{"rendered":"https:\/\/gerardoduque.com.mx\/?p=43116"},"modified":"2026-01-17T07:23:03","modified_gmt":"2026-01-17T13:23:03","slug":"preven-descenso-de-temperaturas-y-lluvias-en-slp-por-frente-frio-29","status":"publish","type":"post","link":"https:\/\/gerardoduque.com.mx\/?p=43116","title":{"rendered":"PREV\u00c9N DESCENSO DE TEMPERATURAS Y LLUVIAS EN SLP POR FRENTE FR\u00cdO 29"},"content":{"rendered":"\n<p>La Coordinaci\u00f3n Estatal de Protecci\u00f3n Civil alert\u00f3 sobre un nuevo descenso de temperatura a partir del mediod\u00eda de este viernes en el norte y noreste del pa\u00eds, derivado del ingreso del frente fr\u00edo n\u00famero 29, de acuerdo con informaci\u00f3n del Servicio Meteorol\u00f3gico Nacional.<\/p>\n\n\n\n<p>El titular de la dependencia, inform\u00f3 que se prev\u00e9 un incremento en la probabilidad de lluvias y tormentas en las regiones Centro y Altiplano, condiciones que se extender\u00e1n durante la madrugada y ma\u00f1ana del domingo hacia las zonas Media y Huasteca. Este sistema provocar\u00e1 un descenso significativo de las temperaturas al cierre del fin de semana.<\/p>\n\n\n\n<p>Ante este escenario, se exhort\u00f3 a la poblaci\u00f3n a extremar precauciones, abrigarse adecuadamente, evitar cambios bruscos de temperatura y prestar especial atenci\u00f3n a menores de edad y personas adultas mayores. Asimismo, se recomend\u00f3 conducir con precauci\u00f3n debido al riesgo de pavimento mojado.<\/p>\n\n\n\n<p>Finalmente, se indic\u00f3 que para el lunes se espera una recuperaci\u00f3n t\u00e9rmica temporal, previo al ingreso de un nuevo frente fr\u00edo con efectos limitados previsto para el martes, por lo que se mantendr\u00e1 el monitoreo constante y la vigilancia en los 59 municipios del estado.<\/p>\n","protected":false},"excerpt":{"rendered":"<p>Se prev\u00e9 un nuevo descenso de temperaturas y probabilidad de lluvias en distintas regiones del estado durante el fin de semana, por la llegada del frente fr\u00edo n\u00famero 29.<\/p>\n","protected":false},"author":4,"featured_media":43117,"comment_status":"closed","ping_status":"closed","sticky":false,"template":"","format":"standard","meta":{"_et_pb_use_builder":"off","_et_pb_old_content":"","_et_gb_content_width":"","footnotes":""},"categories":[280],"tags":[190,72,66],"class_list":["post-43116","post","type-post","status-publish","format-standard","has-post-thumbnail","hentry","category-gob-slp","tag-cepc","tag-gobierno-del-estado","tag-san-luis-potosi"],"_links":{"self":[{"href":"https:\/\/gerardoduque.com.mx\/index.php?rest_route=\/wp\/v2\/posts\/43116","targetHints":{"allow":["GET"]}}],"collection":[{"href":"https:\/\/gerardoduque.com.mx\/index.php?rest_route=\/wp\/v2\/posts"}],"about":[{"href":"https:\/\/gerardoduque.com.mx\/index.php?rest_route=\/wp\/v2\/types\/post"}],"author":[{"embeddable":true,"href":"https:\/\/gerardoduque.com.mx\/index.php?rest_route=\/wp\/v2\/users\/4"}],"replies":[{"embeddable":true,"href":"https:\/\/gerardoduque.com.mx\/index.php?rest_route=%2Fwp%2Fv2%2Fcomments&post=43116"}],"version-history":[{"count":0,"href":"https:\/\/gerardoduque.com.mx\/index.php?rest_route=\/wp\/v2\/posts\/43116\/revisions"}],"wp:featuredmedia":[{"embeddable":true,"href":"https:\/\/gerardoduque.com.mx\/index.php?rest_route=\/wp\/v2\/media\/43117"}],"wp:attachment":[{"href":"https:\/\/gerardoduque.com.mx\/index.php?rest_route=%2Fwp%2Fv2%2Fmedia&parent=43116"}],"wp:term":[{"taxonomy":"category","embeddable":true,"href":"https:\/\/gerardoduque.com.mx\/index.php?rest_route=%2Fwp%2Fv2%2Fcategories&post=43116"},{"taxonomy":"post_tag","embeddable":true,"href":"https:\/\/gerardoduque.com.mx\/index.php?rest_route=%2Fwp%2Fv2%2Ftags&post=43116"}],"curies":[{"name":"wp","href":"https:\/\/api.w.org\/{rel}","templated":true}]}}