{"id":43113,"date":"2026-01-17T07:17:40","date_gmt":"2026-01-17T13:17:40","guid":{"rendered":"https:\/\/gerardoduque.com.mx\/?p=43113"},"modified":"2026-01-17T07:17:45","modified_gmt":"2026-01-17T13:17:45","slug":"matrimonios-colectivos-se-realizaran-en-los-59-municipios-del-estado","status":"publish","type":"post","link":"https:\/\/gerardoduque.com.mx\/?p=43113","title":{"rendered":"MATRIMONIOS COLECTIVOS SE REALIZAR\u00c1N EN LOS 59 MUNICIPIOS DEL ESTADO"},"content":{"rendered":"\n<p>El Sistema Estatal para el Desarrollo Integral de la Familia llevar\u00e1 a cabo la campa\u00f1a de Matrimonios Colectivos, una acci\u00f3n que permite a las parejas formalizar legalmente su relaci\u00f3n y acceder a derechos y obligaciones que fortalecen la estabilidad familiar.<\/p>\n\n\n\n<p>En cumplimiento a las indicaciones del Gobernador Ricardo Gallardo Cardona, la iniciativa se desarrollar\u00e1 de manera simult\u00e1nea en todos los municipios, facilitando el tr\u00e1mite a quienes deseen contraer matrimonio civil mediante un proceso accesible y ordenado.<\/p>\n\n\n\n<p>Las personas interesadas deber\u00e1n presentar acta de nacimiento certificada, credencial de elector vigente, comprobante de domicilio, dos testigos por cada contrayente con identificaci\u00f3n oficial, certificado m\u00e9dico y resultados de an\u00e1lisis prenupciales, conforme a los requisitos establecidos.<\/p>\n\n\n\n<p>La recepci\u00f3n de documentos se realizar\u00e1 del viernes 16 de enero al 11 de febrero en la oficina del Registro Civil m\u00e1s cercana al domicilio de los contrayentes, en un horario de 8:00 a 15:00 horas, de lunes a viernes. La ceremonia de matrimonios colectivos se llevar\u00e1 a cabo de manera simult\u00e1nea en todos los municipios el viernes 13 de febrero a las 12:00 horas.<\/p>\n","protected":false},"excerpt":{"rendered":"<p>Se realizar\u00e1 por quinto a\u00f1o consecutivo la campa\u00f1a de Matrimonios Colectivos, con el objetivo de brindar certeza jur\u00eddica y fortalecer el n\u00facleo familiar en los 59 municipios del estado.<\/p>\n","protected":false},"author":4,"featured_media":43114,"comment_status":"closed","ping_status":"closed","sticky":false,"template":"","format":"standard","meta":{"_et_pb_use_builder":"off","_et_pb_old_content":"","_et_gb_content_width":"","footnotes":""},"categories":[280],"tags":[180,72,66],"class_list":["post-43113","post","type-post","status-publish","format-standard","has-post-thumbnail","hentry","category-gob-slp","tag-dif-estatal","tag-gobierno-del-estado","tag-san-luis-potosi"],"_links":{"self":[{"href":"https:\/\/gerardoduque.com.mx\/index.php?rest_route=\/wp\/v2\/posts\/43113","targetHints":{"allow":["GET"]}}],"collection":[{"href":"https:\/\/gerardoduque.com.mx\/index.php?rest_route=\/wp\/v2\/posts"}],"about":[{"href":"https:\/\/gerardoduque.com.mx\/index.php?rest_route=\/wp\/v2\/types\/post"}],"author":[{"embeddable":true,"href":"https:\/\/gerardoduque.com.mx\/index.php?rest_route=\/wp\/v2\/users\/4"}],"replies":[{"embeddable":true,"href":"https:\/\/gerardoduque.com.mx\/index.php?rest_route=%2Fwp%2Fv2%2Fcomments&post=43113"}],"version-history":[{"count":0,"href":"https:\/\/gerardoduque.com.mx\/index.php?rest_route=\/wp\/v2\/posts\/43113\/revisions"}],"wp:featuredmedia":[{"embeddable":true,"href":"https:\/\/gerardoduque.com.mx\/index.php?rest_route=\/wp\/v2\/media\/43114"}],"wp:attachment":[{"href":"https:\/\/gerardoduque.com.mx\/index.php?rest_route=%2Fwp%2Fv2%2Fmedia&parent=43113"}],"wp:term":[{"taxonomy":"category","embeddable":true,"href":"https:\/\/gerardoduque.com.mx\/index.php?rest_route=%2Fwp%2Fv2%2Fcategories&post=43113"},{"taxonomy":"post_tag","embeddable":true,"href":"https:\/\/gerardoduque.com.mx\/index.php?rest_route=%2Fwp%2Fv2%2Ftags&post=43113"}],"curies":[{"name":"wp","href":"https:\/\/api.w.org\/{rel}","templated":true}]}}