{"id":43110,"date":"2026-01-17T07:11:15","date_gmt":"2026-01-17T13:11:15","guid":{"rendered":"https:\/\/gerardoduque.com.mx\/?p=43110"},"modified":"2026-01-17T07:11:21","modified_gmt":"2026-01-17T13:11:21","slug":"acciones-de-vigilancia-ambiental-continuan-en-el-rio-calabacillas","status":"publish","type":"post","link":"https:\/\/gerardoduque.com.mx\/?p=43110","title":{"rendered":"ACCIONES DE VIGILANCIA AMBIENTAL CONTIN\u00daAN EN EL R\u00cdO CALABACILLAS"},"content":{"rendered":"\n<p>La Secretar\u00eda de Ecolog\u00eda y Gesti\u00f3n Ambiental realiza acciones permanentes de inspecci\u00f3n y supervisi\u00f3n en el R\u00edo Calabacillas, en coordinaci\u00f3n con la Comisi\u00f3n Estatal del Agua, como parte del seguimiento a las resoluciones judiciales derivadas del amparo promovido en 2023.<\/p>\n\n\n\n<p>Desde entonces, se han reforzado los recorridos de vigilancia en el cauce para verificar el cumplimiento de las medidas ordenadas y atender posibles descargas de aguas residuales. El pasado 15 de enero de 2026 se llev\u00f3 a cabo una nueva inspecci\u00f3n con la participaci\u00f3n de autoridades judiciales, en la que se constat\u00f3 la aplicaci\u00f3n de las disposiciones establecidas y la ausencia de descargas irregulares.<\/p>\n\n\n\n<p>De manera complementaria, el 8 de enero de 2026 se entreg\u00f3 al juez un mapeo t\u00e9cnico de descargas, elaborado para identificar zonas prioritarias de intervenci\u00f3n. Estas acciones, iniciadas desde octubre de 2025, incluyen inspecciones peri\u00f3dicas, aplicaci\u00f3n de medidas de seguridad y la suspensi\u00f3n de una obra hidr\u00e1ulica que no contaba con autorizaci\u00f3n ambiental, como parte de los trabajos de seguimiento y control en la zona.<\/p>\n","protected":false},"excerpt":{"rendered":"<p>Se mantiene la vigilancia ambiental en el R\u00edo Calabacillas, en el municipio de Mexquitic de Carmona, con el objetivo de atender posibles afectaciones al entorno natural y a la salud de las comunidades asentadas en la zona.<\/p>\n","protected":false},"author":4,"featured_media":43111,"comment_status":"closed","ping_status":"closed","sticky":false,"template":"","format":"standard","meta":{"_et_pb_use_builder":"off","_et_pb_old_content":"","_et_gb_content_width":"","footnotes":""},"categories":[280],"tags":[72,66,155],"class_list":["post-43110","post","type-post","status-publish","format-standard","has-post-thumbnail","hentry","category-gob-slp","tag-gobierno-del-estado","tag-san-luis-potosi","tag-segam"],"_links":{"self":[{"href":"https:\/\/gerardoduque.com.mx\/index.php?rest_route=\/wp\/v2\/posts\/43110","targetHints":{"allow":["GET"]}}],"collection":[{"href":"https:\/\/gerardoduque.com.mx\/index.php?rest_route=\/wp\/v2\/posts"}],"about":[{"href":"https:\/\/gerardoduque.com.mx\/index.php?rest_route=\/wp\/v2\/types\/post"}],"author":[{"embeddable":true,"href":"https:\/\/gerardoduque.com.mx\/index.php?rest_route=\/wp\/v2\/users\/4"}],"replies":[{"embeddable":true,"href":"https:\/\/gerardoduque.com.mx\/index.php?rest_route=%2Fwp%2Fv2%2Fcomments&post=43110"}],"version-history":[{"count":0,"href":"https:\/\/gerardoduque.com.mx\/index.php?rest_route=\/wp\/v2\/posts\/43110\/revisions"}],"wp:featuredmedia":[{"embeddable":true,"href":"https:\/\/gerardoduque.com.mx\/index.php?rest_route=\/wp\/v2\/media\/43111"}],"wp:attachment":[{"href":"https:\/\/gerardoduque.com.mx\/index.php?rest_route=%2Fwp%2Fv2%2Fmedia&parent=43110"}],"wp:term":[{"taxonomy":"category","embeddable":true,"href":"https:\/\/gerardoduque.com.mx\/index.php?rest_route=%2Fwp%2Fv2%2Fcategories&post=43110"},{"taxonomy":"post_tag","embeddable":true,"href":"https:\/\/gerardoduque.com.mx\/index.php?rest_route=%2Fwp%2Fv2%2Ftags&post=43110"}],"curies":[{"name":"wp","href":"https:\/\/api.w.org\/{rel}","templated":true}]}}