{"id":43097,"date":"2026-01-16T10:10:30","date_gmt":"2026-01-16T16:10:30","guid":{"rendered":"https:\/\/gerardoduque.com.mx\/?p=43097"},"modified":"2026-01-16T10:10:35","modified_gmt":"2026-01-16T16:10:35","slug":"definen-operativo-de-seguridad-para-la-caravana-de-la-fe-2026","status":"publish","type":"post","link":"https:\/\/gerardoduque.com.mx\/?p=43097","title":{"rendered":"DEFINEN OPERATIVO DE SEGURIDAD PARA LA CARAVANA DE LA FE 2026"},"content":{"rendered":"\n<p>La Coordinaci\u00f3n Estatal de Protecci\u00f3n Civil encabez\u00f3 una reuni\u00f3n interinstitucional para establecer el operativo de seguridad de la Caravana de la Fe 2026, con el objetivo de salvaguardar la integridad de las y los peregrinos que participar\u00e1n en esta actividad.<\/p>\n\n\n\n<p>El titular de la dependencia, <strong>Mauricio Ordaz Flores<\/strong>, inform\u00f3 que en el operativo participar\u00e1n corporaciones federales, estatales y municipales, as\u00ed como instancias de salud y atenci\u00f3n a emergencias, entre ellas Guardia Nacional, Guardia Civil Estatal, corporaciones municipales de seguridad, servicios m\u00e9dicos, bomberos y Cruz Roja, en coordinaci\u00f3n con los organizadores.<\/p>\n\n\n\n<p>Se estima la participaci\u00f3n de alrededor de cuatro mil personas. El recorrido iniciar\u00e1 el 23 de enero desde la Iglesia de Morales, con pernocta en San Antonio; continuar\u00e1 el 24 hacia La Lugarda y concluir\u00e1 el 25 de enero en El Rosario, punto en el que el contingente ser\u00e1 entregado a autoridades del estado de Guanajuato.<\/p>\n\n\n\n<p>Las autoridades exhortaron a los asistentes a evitar caminar por carreteras, apagar fogatas, mantener medidas de higiene en el manejo de alimentos, desechar adecuadamente los residuos, hidratarse de forma constante y utilizar ropa adecuada ante las bajas temperaturas previstas durante el trayecto.<\/p>\n","protected":false},"excerpt":{"rendered":"<p>Se definieron las acciones de prevenci\u00f3n y atenci\u00f3n para garantizar la seguridad de las personas participantes durante el recorrido previsto del 23 al 25 de enero.<\/p>\n","protected":false},"author":4,"featured_media":43098,"comment_status":"closed","ping_status":"closed","sticky":false,"template":"","format":"standard","meta":{"_et_pb_use_builder":"off","_et_pb_old_content":"","_et_gb_content_width":"","footnotes":""},"categories":[280],"tags":[190,72,66],"class_list":["post-43097","post","type-post","status-publish","format-standard","has-post-thumbnail","hentry","category-gob-slp","tag-cepc","tag-gobierno-del-estado","tag-san-luis-potosi"],"_links":{"self":[{"href":"https:\/\/gerardoduque.com.mx\/index.php?rest_route=\/wp\/v2\/posts\/43097","targetHints":{"allow":["GET"]}}],"collection":[{"href":"https:\/\/gerardoduque.com.mx\/index.php?rest_route=\/wp\/v2\/posts"}],"about":[{"href":"https:\/\/gerardoduque.com.mx\/index.php?rest_route=\/wp\/v2\/types\/post"}],"author":[{"embeddable":true,"href":"https:\/\/gerardoduque.com.mx\/index.php?rest_route=\/wp\/v2\/users\/4"}],"replies":[{"embeddable":true,"href":"https:\/\/gerardoduque.com.mx\/index.php?rest_route=%2Fwp%2Fv2%2Fcomments&post=43097"}],"version-history":[{"count":0,"href":"https:\/\/gerardoduque.com.mx\/index.php?rest_route=\/wp\/v2\/posts\/43097\/revisions"}],"wp:featuredmedia":[{"embeddable":true,"href":"https:\/\/gerardoduque.com.mx\/index.php?rest_route=\/wp\/v2\/media\/43098"}],"wp:attachment":[{"href":"https:\/\/gerardoduque.com.mx\/index.php?rest_route=%2Fwp%2Fv2%2Fmedia&parent=43097"}],"wp:term":[{"taxonomy":"category","embeddable":true,"href":"https:\/\/gerardoduque.com.mx\/index.php?rest_route=%2Fwp%2Fv2%2Fcategories&post=43097"},{"taxonomy":"post_tag","embeddable":true,"href":"https:\/\/gerardoduque.com.mx\/index.php?rest_route=%2Fwp%2Fv2%2Ftags&post=43097"}],"curies":[{"name":"wp","href":"https:\/\/api.w.org\/{rel}","templated":true}]}}