{"id":43055,"date":"2026-01-15T11:13:12","date_gmt":"2026-01-15T17:13:12","guid":{"rendered":"https:\/\/gerardoduque.com.mx\/?p=43055"},"modified":"2026-01-15T11:13:17","modified_gmt":"2026-01-15T17:13:17","slug":"reportan-avances-en-fiscalizacion-y-control-del-gasto-publico","status":"publish","type":"post","link":"https:\/\/gerardoduque.com.mx\/?p=43055","title":{"rendered":"REPORTAN AVANCES EN FISCALIZACI\u00d3N Y CONTROL DEL GASTO P\u00daBLICO"},"content":{"rendered":"\n<p>Se inform\u00f3 que contin\u00faan las acciones orientadas al control y correcta aplicaci\u00f3n de los recursos p\u00fablicos, bajo criterios de legalidad, austeridad, transparencia y rendici\u00f3n de cuentas, adem\u00e1s de la armonizaci\u00f3n administrativa con lineamientos federales en materia de fiscalizaci\u00f3n e integridad.<\/p>\n\n\n\n<p>Durante la Primera Asamblea Plenaria 2026 de la Comisi\u00f3n Permanente de Contralores Estados\u2013Federaci\u00f3n, realizada en la Ciudad de M\u00e9xico, el contralor general del Estado, Sergio Arturo Agui\u00f1aga Mu\u00f1iz, present\u00f3 el Informe de Ingresos y Egresos del Fondo de Aportaciones de dicha Comisi\u00f3n, como parte de los trabajos de seguimiento y evaluaci\u00f3n financiera.<\/p>\n\n\n\n<p>En el encuentro se abordaron temas relacionados con el fortalecimiento de los mecanismos de fiscalizaci\u00f3n, la prevenci\u00f3n de irregularidades administrativas y la aplicaci\u00f3n de normas profesionales de auditor\u00eda del Sistema Nacional de Fiscalizaci\u00f3n, as\u00ed como la coordinaci\u00f3n entre entidades federativas y la Federaci\u00f3n en materia de control interno y rendici\u00f3n de cuentas.<\/p>\n","protected":false},"excerpt":{"rendered":"<p>Se report\u00f3 la participaci\u00f3n del Estado en un encuentro nacional de contralores, en el que se presentaron avances en fiscalizaci\u00f3n y uso de recursos p\u00fablicos, as\u00ed como acciones de coordinaci\u00f3n con instancias federales.<\/p>\n","protected":false},"author":4,"featured_media":43060,"comment_status":"closed","ping_status":"closed","sticky":false,"template":"","format":"standard","meta":{"_et_pb_use_builder":"off","_et_pb_old_content":"","_et_gb_content_width":"","footnotes":""},"categories":[280],"tags":[72,66],"class_list":["post-43055","post","type-post","status-publish","format-standard","has-post-thumbnail","hentry","category-gob-slp","tag-gobierno-del-estado","tag-san-luis-potosi"],"_links":{"self":[{"href":"https:\/\/gerardoduque.com.mx\/index.php?rest_route=\/wp\/v2\/posts\/43055","targetHints":{"allow":["GET"]}}],"collection":[{"href":"https:\/\/gerardoduque.com.mx\/index.php?rest_route=\/wp\/v2\/posts"}],"about":[{"href":"https:\/\/gerardoduque.com.mx\/index.php?rest_route=\/wp\/v2\/types\/post"}],"author":[{"embeddable":true,"href":"https:\/\/gerardoduque.com.mx\/index.php?rest_route=\/wp\/v2\/users\/4"}],"replies":[{"embeddable":true,"href":"https:\/\/gerardoduque.com.mx\/index.php?rest_route=%2Fwp%2Fv2%2Fcomments&post=43055"}],"version-history":[{"count":0,"href":"https:\/\/gerardoduque.com.mx\/index.php?rest_route=\/wp\/v2\/posts\/43055\/revisions"}],"wp:featuredmedia":[{"embeddable":true,"href":"https:\/\/gerardoduque.com.mx\/index.php?rest_route=\/wp\/v2\/media\/43060"}],"wp:attachment":[{"href":"https:\/\/gerardoduque.com.mx\/index.php?rest_route=%2Fwp%2Fv2%2Fmedia&parent=43055"}],"wp:term":[{"taxonomy":"category","embeddable":true,"href":"https:\/\/gerardoduque.com.mx\/index.php?rest_route=%2Fwp%2Fv2%2Fcategories&post=43055"},{"taxonomy":"post_tag","embeddable":true,"href":"https:\/\/gerardoduque.com.mx\/index.php?rest_route=%2Fwp%2Fv2%2Ftags&post=43055"}],"curies":[{"name":"wp","href":"https:\/\/api.w.org\/{rel}","templated":true}]}}