{"id":43050,"date":"2026-01-15T08:33:42","date_gmt":"2026-01-15T14:33:42","guid":{"rendered":"https:\/\/gerardoduque.com.mx\/?p=43050"},"modified":"2026-01-15T08:33:46","modified_gmt":"2026-01-15T14:33:46","slug":"anuncian-encuentro-internacional-y-actividades-para-difundir-el-arte-mascarero-de-slp","status":"publish","type":"post","link":"https:\/\/gerardoduque.com.mx\/?p=43050","title":{"rendered":"ANUNCIAN ENCUENTRO INTERNACIONAL Y ACTIVIDADES PARA DIFUNDIR EL ARTE MASCARERO DE SLP"},"content":{"rendered":"\n<p>Se inform\u00f3 que se afinan estrategias para fortalecer la difusi\u00f3n del arte mascarero y posicionar al Museo Nacional de la M\u00e1scara como un espacio de referencia para el estudio, exhibici\u00f3n y preservaci\u00f3n de esta manifestaci\u00f3n cultural. Las acciones contemplan actividades de alcance nacional e internacional y el reconocimiento a personas dedicadas a la creaci\u00f3n de m\u00e1scaras como parte del patrimonio cultural.<\/p>\n\n\n\n<p>Como parte de esta agenda, se llevar\u00e1 a cabo el Tercer Encuentro Internacional de Artistas Mascareros, en el que participar\u00e1n m\u00e1s de 80 creadoras y creadores provenientes de 15 pa\u00edses. Durante una semana se desarrollar\u00e1n exposiciones, conferencias, demostraciones y actividades abiertas al p\u00fablico, con el objetivo de propiciar el intercambio cultural y ampliar el conocimiento sobre esta tradici\u00f3n art\u00edstica.<\/p>\n\n\n\n<p>En el marco del 44 aniversario del Museo Nacional de la M\u00e1scara, tambi\u00e9n se prev\u00e9 la entrega de reconocimientos a maestras y maestros mascareros, en atenci\u00f3n a su trayectoria y aportaci\u00f3n a la preservaci\u00f3n y continuidad de esta expresi\u00f3n cultural. Las actividades buscan contribuir a la difusi\u00f3n del arte mascarero y a su valoraci\u00f3n como parte de la identidad cultural del Estado.<\/p>\n","protected":false},"excerpt":{"rendered":"<p>Se anunci\u00f3 la realizaci\u00f3n del Tercer Encuentro Internacional de Artistas Mascareros, as\u00ed como una serie de acciones para fortalecer la proyecci\u00f3n del Museo Nacional de la M\u00e1scara y el trabajo de creadoras y creadores dedicados a esta expresi\u00f3n art\u00edstica.<\/p>\n","protected":false},"author":4,"featured_media":43052,"comment_status":"closed","ping_status":"closed","sticky":false,"template":"","format":"standard","meta":{"_et_pb_use_builder":"off","_et_pb_old_content":"","_et_gb_content_width":"","footnotes":""},"categories":[280],"tags":[72,66,200],"class_list":["post-43050","post","type-post","status-publish","format-standard","has-post-thumbnail","hentry","category-gob-slp","tag-gobierno-del-estado","tag-san-luis-potosi","tag-secult"],"_links":{"self":[{"href":"https:\/\/gerardoduque.com.mx\/index.php?rest_route=\/wp\/v2\/posts\/43050","targetHints":{"allow":["GET"]}}],"collection":[{"href":"https:\/\/gerardoduque.com.mx\/index.php?rest_route=\/wp\/v2\/posts"}],"about":[{"href":"https:\/\/gerardoduque.com.mx\/index.php?rest_route=\/wp\/v2\/types\/post"}],"author":[{"embeddable":true,"href":"https:\/\/gerardoduque.com.mx\/index.php?rest_route=\/wp\/v2\/users\/4"}],"replies":[{"embeddable":true,"href":"https:\/\/gerardoduque.com.mx\/index.php?rest_route=%2Fwp%2Fv2%2Fcomments&post=43050"}],"version-history":[{"count":0,"href":"https:\/\/gerardoduque.com.mx\/index.php?rest_route=\/wp\/v2\/posts\/43050\/revisions"}],"wp:featuredmedia":[{"embeddable":true,"href":"https:\/\/gerardoduque.com.mx\/index.php?rest_route=\/wp\/v2\/media\/43052"}],"wp:attachment":[{"href":"https:\/\/gerardoduque.com.mx\/index.php?rest_route=%2Fwp%2Fv2%2Fmedia&parent=43050"}],"wp:term":[{"taxonomy":"category","embeddable":true,"href":"https:\/\/gerardoduque.com.mx\/index.php?rest_route=%2Fwp%2Fv2%2Fcategories&post=43050"},{"taxonomy":"post_tag","embeddable":true,"href":"https:\/\/gerardoduque.com.mx\/index.php?rest_route=%2Fwp%2Fv2%2Ftags&post=43050"}],"curies":[{"name":"wp","href":"https:\/\/api.w.org\/{rel}","templated":true}]}}