{"id":43044,"date":"2026-01-15T08:22:38","date_gmt":"2026-01-15T14:22:38","guid":{"rendered":"https:\/\/gerardoduque.com.mx\/?p=43044"},"modified":"2026-01-15T08:22:43","modified_gmt":"2026-01-15T14:22:43","slug":"realizan-primera-jornada-de-reclutamiento-del-ano-con-participacion-de-mas-de-120-personas","status":"publish","type":"post","link":"https:\/\/gerardoduque.com.mx\/?p=43044","title":{"rendered":"REALIZAN PRIMERA JORNADA DE RECLUTAMIENTO DEL A\u00d1O CON PARTICIPACI\u00d3N DE M\u00c1S DE 120 PERSONAS"},"content":{"rendered":"\n<p>Como resultado del convenio entre la Secretar\u00eda de las Mujeres e Igualdad Sustantiva y la Secretar\u00eda del Trabajo y Previsi\u00f3n Social, en coordinaci\u00f3n con el Sistema Nacional de Empleo, se llev\u00f3 a cabo la primera Jornada de Reclutamiento del a\u00f1o, con el objetivo de acercar opciones laborales a la poblaci\u00f3n.<\/p>\n\n\n\n<p>Durante esta actividad se atendi\u00f3 a 122 personas, de las cuales 86 fueron mujeres y 36 hombres, con edades de entre 18 y 58 a\u00f1os, quienes participaron en procesos de vinculaci\u00f3n directa con empresas del sector comercial, de servicios y capacitaci\u00f3n para el trabajo.<\/p>\n\n\n\n<p>En esta jornada participaron Coppel, Mega, MR&amp;B, Parador El Potosino, Seguritec, Tiendas 3B y el Centro de Capacitaci\u00f3n para el Trabajo Industrial 181. Se inform\u00f3 que el calendario de jornadas de reclutamiento continuar\u00e1 desarroll\u00e1ndose a lo largo del a\u00f1o para ampliar las oportunidades de empleo disponibles para la ciudadan\u00eda.<\/p>\n","protected":false},"excerpt":{"rendered":"<p>Se realiz\u00f3 la primera jornada de reclutamiento del a\u00f1o, en la que participaron m\u00e1s de 120 personas interesadas en incorporarse a distintas vacantes del sector comercial y de servicios.<\/p>\n","protected":false},"author":4,"featured_media":43045,"comment_status":"closed","ping_status":"closed","sticky":false,"template":"","format":"standard","meta":{"_et_pb_use_builder":"off","_et_pb_old_content":"","_et_gb_content_width":"","footnotes":""},"categories":[280],"tags":[72,66,506,83],"class_list":["post-43044","post","type-post","status-publish","format-standard","has-post-thumbnail","hentry","category-gob-slp","tag-gobierno-del-estado","tag-san-luis-potosi","tag-semujeres","tag-stps"],"_links":{"self":[{"href":"https:\/\/gerardoduque.com.mx\/index.php?rest_route=\/wp\/v2\/posts\/43044","targetHints":{"allow":["GET"]}}],"collection":[{"href":"https:\/\/gerardoduque.com.mx\/index.php?rest_route=\/wp\/v2\/posts"}],"about":[{"href":"https:\/\/gerardoduque.com.mx\/index.php?rest_route=\/wp\/v2\/types\/post"}],"author":[{"embeddable":true,"href":"https:\/\/gerardoduque.com.mx\/index.php?rest_route=\/wp\/v2\/users\/4"}],"replies":[{"embeddable":true,"href":"https:\/\/gerardoduque.com.mx\/index.php?rest_route=%2Fwp%2Fv2%2Fcomments&post=43044"}],"version-history":[{"count":0,"href":"https:\/\/gerardoduque.com.mx\/index.php?rest_route=\/wp\/v2\/posts\/43044\/revisions"}],"wp:featuredmedia":[{"embeddable":true,"href":"https:\/\/gerardoduque.com.mx\/index.php?rest_route=\/wp\/v2\/media\/43045"}],"wp:attachment":[{"href":"https:\/\/gerardoduque.com.mx\/index.php?rest_route=%2Fwp%2Fv2%2Fmedia&parent=43044"}],"wp:term":[{"taxonomy":"category","embeddable":true,"href":"https:\/\/gerardoduque.com.mx\/index.php?rest_route=%2Fwp%2Fv2%2Fcategories&post=43044"},{"taxonomy":"post_tag","embeddable":true,"href":"https:\/\/gerardoduque.com.mx\/index.php?rest_route=%2Fwp%2Fv2%2Ftags&post=43044"}],"curies":[{"name":"wp","href":"https:\/\/api.w.org\/{rel}","templated":true}]}}