{"id":43041,"date":"2026-01-15T08:16:54","date_gmt":"2026-01-15T14:16:54","guid":{"rendered":"https:\/\/gerardoduque.com.mx\/?p=43041"},"modified":"2026-01-15T08:16:57","modified_gmt":"2026-01-15T14:16:57","slug":"rinden-protesta-titulares-de-las-notarias-28-y-37","status":"publish","type":"post","link":"https:\/\/gerardoduque.com.mx\/?p=43041","title":{"rendered":"RINDEN PROTESTA TITULARES DE LAS NOTAR\u00cdAS 28 Y 37"},"content":{"rendered":"\n<p>En representaci\u00f3n del Ejecutivo estatal, el secretario general de Gobierno, J. Guadalupe Torres S\u00e1nchez, tom\u00f3 protesta a Ana Mar\u00eda Ord\u00f3\u00f1ez Galindo y a Jos\u00e9 Manuel Fajardo Casta\u00f1\u00f3n como titulares de las notar\u00edas p\u00fablicas n\u00famero 28 y 37, respectivamente.<\/p>\n\n\n\n<p>Durante la ceremonia se subray\u00f3 la importancia del ejercicio notarial en la certeza jur\u00eddica de los actos civiles y patrimoniales, as\u00ed como la obligaci\u00f3n de desempe\u00f1ar la funci\u00f3n con \u00e9tica, legalidad y profesionalismo.<\/p>\n\n\n\n<p>Asimismo, se inform\u00f3 que se mantiene coordinaci\u00f3n institucional con el Colegio de Notarios para asegurar la prestaci\u00f3n de servicios notariales conforme a la normatividad vigente y con atenci\u00f3n adecuada a la ciudadan\u00eda.<\/p>\n","protected":false},"excerpt":{"rendered":"<p>Se designaron nuevas titularidades notariales mediante un acto protocolario, con el llamado a ejercer la funci\u00f3n con apego a la legalidad y responsabilidad p\u00fablica.<\/p>\n","protected":false},"author":4,"featured_media":43042,"comment_status":"closed","ping_status":"closed","sticky":false,"template":"","format":"standard","meta":{"_et_pb_use_builder":"off","_et_pb_old_content":"","_et_gb_content_width":"","footnotes":""},"categories":[280],"tags":[72,66,394],"class_list":["post-43041","post","type-post","status-publish","format-standard","has-post-thumbnail","hentry","category-gob-slp","tag-gobierno-del-estado","tag-san-luis-potosi","tag-sgg"],"_links":{"self":[{"href":"https:\/\/gerardoduque.com.mx\/index.php?rest_route=\/wp\/v2\/posts\/43041","targetHints":{"allow":["GET"]}}],"collection":[{"href":"https:\/\/gerardoduque.com.mx\/index.php?rest_route=\/wp\/v2\/posts"}],"about":[{"href":"https:\/\/gerardoduque.com.mx\/index.php?rest_route=\/wp\/v2\/types\/post"}],"author":[{"embeddable":true,"href":"https:\/\/gerardoduque.com.mx\/index.php?rest_route=\/wp\/v2\/users\/4"}],"replies":[{"embeddable":true,"href":"https:\/\/gerardoduque.com.mx\/index.php?rest_route=%2Fwp%2Fv2%2Fcomments&post=43041"}],"version-history":[{"count":0,"href":"https:\/\/gerardoduque.com.mx\/index.php?rest_route=\/wp\/v2\/posts\/43041\/revisions"}],"wp:featuredmedia":[{"embeddable":true,"href":"https:\/\/gerardoduque.com.mx\/index.php?rest_route=\/wp\/v2\/media\/43042"}],"wp:attachment":[{"href":"https:\/\/gerardoduque.com.mx\/index.php?rest_route=%2Fwp%2Fv2%2Fmedia&parent=43041"}],"wp:term":[{"taxonomy":"category","embeddable":true,"href":"https:\/\/gerardoduque.com.mx\/index.php?rest_route=%2Fwp%2Fv2%2Fcategories&post=43041"},{"taxonomy":"post_tag","embeddable":true,"href":"https:\/\/gerardoduque.com.mx\/index.php?rest_route=%2Fwp%2Fv2%2Ftags&post=43041"}],"curies":[{"name":"wp","href":"https:\/\/api.w.org\/{rel}","templated":true}]}}