{"id":42998,"date":"2026-01-14T12:11:01","date_gmt":"2026-01-14T18:11:01","guid":{"rendered":"https:\/\/gerardoduque.com.mx\/?p=42998"},"modified":"2026-01-14T12:11:09","modified_gmt":"2026-01-14T18:11:09","slug":"alcanzan-a-mas-de-38-mil-personas-con-talleres-de-igualdad-y-prevencion-de-violencia","status":"publish","type":"post","link":"https:\/\/gerardoduque.com.mx\/?p=42998","title":{"rendered":"ALCANZAN A M\u00c1S DE 38 MIL PERSONAS CON TALLERES DE IGUALDAD Y PREVENCI\u00d3N DE VIOLENCIA"},"content":{"rendered":"\n<p>Como parte de una estrategia educativa orientada a la prevenci\u00f3n de la violencia y la promoci\u00f3n de la igualdad, se desarrollaron acciones formativas dirigidas a ni\u00f1as, ni\u00f1os, adolescentes, madres, padres, personas cuidadoras, docentes y personal administrativo en centros educativos p\u00fablicos y privados.<\/p>\n\n\n\n<p>Durante un periodo de cinco meses, un equipo de 14 psic\u00f3logas imparti\u00f3 talleres en 293 planteles ubicados en municipios con Alerta de Violencia de G\u00e9nero. Las actividades estuvieron enfocadas en el reconocimiento de derechos, la igualdad sustantiva y la identificaci\u00f3n de conductas de riesgo desde entornos escolares y comunitarios.<\/p>\n\n\n\n<p>En total, se capacit\u00f3 a m\u00e1s de 34 mil 650 estudiantes, as\u00ed como a 873 madres, padres y personas cuidadoras, adem\u00e1s de dos mil 978 docentes y personal administrativo, con contenidos adaptados a cada grupo para fortalecer la prevenci\u00f3n y la convivencia respetuosa.<\/p>\n\n\n\n<p>Estas acciones forman parte de los trabajos que se realizan de manera continua para generar entornos educativos m\u00e1s seguros, informados y equitativos, mediante procesos formativos que buscan incidir desde edades tempranas y en la comunidad escolar en general.<\/p>\n","protected":false},"excerpt":{"rendered":"<p>38 mil 501 personas participaron en talleres educativos enfocados en igualdad, derechos humanos de las mujeres y perspectiva de g\u00e9nero, dirigidos a comunidades escolares y familiares en las cuatro regiones del estado.<\/p>\n","protected":false},"author":4,"featured_media":42999,"comment_status":"closed","ping_status":"closed","sticky":false,"template":"","format":"standard","meta":{"_et_pb_use_builder":"off","_et_pb_old_content":"","_et_gb_content_width":"","footnotes":""},"categories":[280],"tags":[72,66,506],"class_list":["post-42998","post","type-post","status-publish","format-standard","has-post-thumbnail","hentry","category-gob-slp","tag-gobierno-del-estado","tag-san-luis-potosi","tag-semujeres"],"_links":{"self":[{"href":"https:\/\/gerardoduque.com.mx\/index.php?rest_route=\/wp\/v2\/posts\/42998","targetHints":{"allow":["GET"]}}],"collection":[{"href":"https:\/\/gerardoduque.com.mx\/index.php?rest_route=\/wp\/v2\/posts"}],"about":[{"href":"https:\/\/gerardoduque.com.mx\/index.php?rest_route=\/wp\/v2\/types\/post"}],"author":[{"embeddable":true,"href":"https:\/\/gerardoduque.com.mx\/index.php?rest_route=\/wp\/v2\/users\/4"}],"replies":[{"embeddable":true,"href":"https:\/\/gerardoduque.com.mx\/index.php?rest_route=%2Fwp%2Fv2%2Fcomments&post=42998"}],"version-history":[{"count":0,"href":"https:\/\/gerardoduque.com.mx\/index.php?rest_route=\/wp\/v2\/posts\/42998\/revisions"}],"wp:featuredmedia":[{"embeddable":true,"href":"https:\/\/gerardoduque.com.mx\/index.php?rest_route=\/wp\/v2\/media\/42999"}],"wp:attachment":[{"href":"https:\/\/gerardoduque.com.mx\/index.php?rest_route=%2Fwp%2Fv2%2Fmedia&parent=42998"}],"wp:term":[{"taxonomy":"category","embeddable":true,"href":"https:\/\/gerardoduque.com.mx\/index.php?rest_route=%2Fwp%2Fv2%2Fcategories&post=42998"},{"taxonomy":"post_tag","embeddable":true,"href":"https:\/\/gerardoduque.com.mx\/index.php?rest_route=%2Fwp%2Fv2%2Ftags&post=42998"}],"curies":[{"name":"wp","href":"https:\/\/api.w.org\/{rel}","templated":true}]}}