{"id":42995,"date":"2026-01-14T11:54:30","date_gmt":"2026-01-14T17:54:30","guid":{"rendered":"https:\/\/gerardoduque.com.mx\/?p=42995"},"modified":"2026-01-14T11:54:36","modified_gmt":"2026-01-14T17:54:36","slug":"implementan-medidas-sanitarias-tras-deteccion-de-casos-de-sarampion","status":"publish","type":"post","link":"https:\/\/gerardoduque.com.mx\/?p=42995","title":{"rendered":"IMPLEMENTAN MEDIDAS SANITARIAS TRAS DETECCI\u00d3N DE CASOS DE SARAMPI\u00d3N"},"content":{"rendered":"\n<p>Durante 2025 se fortalecieron las acciones de vacunaci\u00f3n contra el sarampi\u00f3n, con la aplicaci\u00f3n de 205 mil 848 dosis, como parte de una estrategia preventiva orientada a reducir riesgos y proteger a la poblaci\u00f3n.<\/p>\n\n\n\n<p>Para este a\u00f1o se mantendr\u00e1n e intensificar\u00e1n las acciones de vigilancia epidemiol\u00f3gica, con la implementaci\u00f3n de cercos sanitarios en las regiones donde se han identificado casos, as\u00ed como la supervisi\u00f3n en puntos estrat\u00e9gicos de ingreso, entre ellos el aeropuerto y la central de autobuses.<\/p>\n\n\n\n<p>De 2025 al 10 de enero de 2026 se han registrado nueve casos en la entidad, incluidos dos recientes relacionados con traslados desde la Ciudad de M\u00e9xico hacia la regi\u00f3n Huasteca. Ante este escenario, se reiter\u00f3 el llamado a la poblaci\u00f3n para acudir a las unidades de salud a completar esquemas de vacunaci\u00f3n y solicitar atenci\u00f3n m\u00e9dica oportuna ante la presencia de s\u00edntomas.<\/p>\n","protected":false},"excerpt":{"rendered":"<p>Durante 2025 se aplicaron m\u00e1s de 205 mil dosis contra el sarampi\u00f3n en la entidad, como parte de las acciones preventivas permanentes. Para 2026 se mantendr\u00e1 la vigilancia epidemiol\u00f3gica ante la detecci\u00f3n de casos asociados a movilidad reciente.<\/p>\n","protected":false},"author":4,"featured_media":42996,"comment_status":"closed","ping_status":"closed","sticky":false,"template":"","format":"standard","meta":{"_et_pb_use_builder":"off","_et_pb_old_content":"","_et_gb_content_width":"","footnotes":""},"categories":[280],"tags":[72,66,217],"class_list":["post-42995","post","type-post","status-publish","format-standard","has-post-thumbnail","hentry","category-gob-slp","tag-gobierno-del-estado","tag-san-luis-potosi","tag-ssa"],"_links":{"self":[{"href":"https:\/\/gerardoduque.com.mx\/index.php?rest_route=\/wp\/v2\/posts\/42995","targetHints":{"allow":["GET"]}}],"collection":[{"href":"https:\/\/gerardoduque.com.mx\/index.php?rest_route=\/wp\/v2\/posts"}],"about":[{"href":"https:\/\/gerardoduque.com.mx\/index.php?rest_route=\/wp\/v2\/types\/post"}],"author":[{"embeddable":true,"href":"https:\/\/gerardoduque.com.mx\/index.php?rest_route=\/wp\/v2\/users\/4"}],"replies":[{"embeddable":true,"href":"https:\/\/gerardoduque.com.mx\/index.php?rest_route=%2Fwp%2Fv2%2Fcomments&post=42995"}],"version-history":[{"count":0,"href":"https:\/\/gerardoduque.com.mx\/index.php?rest_route=\/wp\/v2\/posts\/42995\/revisions"}],"wp:featuredmedia":[{"embeddable":true,"href":"https:\/\/gerardoduque.com.mx\/index.php?rest_route=\/wp\/v2\/media\/42996"}],"wp:attachment":[{"href":"https:\/\/gerardoduque.com.mx\/index.php?rest_route=%2Fwp%2Fv2%2Fmedia&parent=42995"}],"wp:term":[{"taxonomy":"category","embeddable":true,"href":"https:\/\/gerardoduque.com.mx\/index.php?rest_route=%2Fwp%2Fv2%2Fcategories&post=42995"},{"taxonomy":"post_tag","embeddable":true,"href":"https:\/\/gerardoduque.com.mx\/index.php?rest_route=%2Fwp%2Fv2%2Ftags&post=42995"}],"curies":[{"name":"wp","href":"https:\/\/api.w.org\/{rel}","templated":true}]}}