{"id":42991,"date":"2026-01-14T08:25:40","date_gmt":"2026-01-14T14:25:40","guid":{"rendered":"https:\/\/gerardoduque.com.mx\/?p=42991"},"modified":"2026-01-14T08:25:48","modified_gmt":"2026-01-14T14:25:48","slug":"trabajadores-de-empresa-agricola-en-rioverde-denuncian-falta-de-pago-de-salarios","status":"publish","type":"post","link":"https:\/\/gerardoduque.com.mx\/?p=42991","title":{"rendered":"TRABAJADORES DE EMPRESA AGR\u00cdCOLA EN RIOVERDE DENUNCIAN FALTA DE PAGO DE SALARIOS"},"content":{"rendered":"\n<p>Con acompa\u00f1amiento de la Secretar\u00eda del Trabajo y Previsi\u00f3n Social, trabajadores de la empresa Rising Farms presentaron una denuncia ante el Centro de Conciliaci\u00f3n Laboral del Estado por el adeudo de tres semanas de salario.<\/p>\n\n\n\n<p>De acuerdo con la informaci\u00f3n disponible, el procedimiento continuar\u00e1 en tanto la empresa no atienda las demandas laborales planteadas, y el marco legal prev\u00e9 la posibilidad de sanciones en caso de incumplimiento.<\/p>\n\n\n\n<p>Durante una visita de inspecci\u00f3n a las instalaciones de la empresa se determin\u00f3 una negativa laboral, debido a que no se encontr\u00f3 personal administrativo que pudiera atender la situaci\u00f3n y dar respuesta a las autoridades.<\/p>\n\n\n\n<p>La autoridad laboral inform\u00f3 que dar\u00e1 seguimiento al caso para verificar el respeto a los derechos de las y los trabajadores y asegurar que el proceso avance conforme a lo establecido en la legislaci\u00f3n vigente.<\/p>\n","protected":false},"excerpt":{"rendered":"<p>Trabajadores de una empresa agr\u00edcola en Rioverde iniciaron un procedimiento formal ante la autoridad laboral por la falta de pago de tres semanas de salario. El caso se encuentra en etapa de conciliaci\u00f3n y podr\u00eda derivar en sanciones conforme a la ley.<\/p>\n","protected":false},"author":4,"featured_media":42854,"comment_status":"closed","ping_status":"closed","sticky":false,"template":"","format":"standard","meta":{"_et_pb_use_builder":"off","_et_pb_old_content":"","_et_gb_content_width":"","footnotes":""},"categories":[280],"tags":[72,66,83],"class_list":["post-42991","post","type-post","status-publish","format-standard","has-post-thumbnail","hentry","category-gob-slp","tag-gobierno-del-estado","tag-san-luis-potosi","tag-stps"],"_links":{"self":[{"href":"https:\/\/gerardoduque.com.mx\/index.php?rest_route=\/wp\/v2\/posts\/42991","targetHints":{"allow":["GET"]}}],"collection":[{"href":"https:\/\/gerardoduque.com.mx\/index.php?rest_route=\/wp\/v2\/posts"}],"about":[{"href":"https:\/\/gerardoduque.com.mx\/index.php?rest_route=\/wp\/v2\/types\/post"}],"author":[{"embeddable":true,"href":"https:\/\/gerardoduque.com.mx\/index.php?rest_route=\/wp\/v2\/users\/4"}],"replies":[{"embeddable":true,"href":"https:\/\/gerardoduque.com.mx\/index.php?rest_route=%2Fwp%2Fv2%2Fcomments&post=42991"}],"version-history":[{"count":0,"href":"https:\/\/gerardoduque.com.mx\/index.php?rest_route=\/wp\/v2\/posts\/42991\/revisions"}],"wp:featuredmedia":[{"embeddable":true,"href":"https:\/\/gerardoduque.com.mx\/index.php?rest_route=\/wp\/v2\/media\/42854"}],"wp:attachment":[{"href":"https:\/\/gerardoduque.com.mx\/index.php?rest_route=%2Fwp%2Fv2%2Fmedia&parent=42991"}],"wp:term":[{"taxonomy":"category","embeddable":true,"href":"https:\/\/gerardoduque.com.mx\/index.php?rest_route=%2Fwp%2Fv2%2Fcategories&post=42991"},{"taxonomy":"post_tag","embeddable":true,"href":"https:\/\/gerardoduque.com.mx\/index.php?rest_route=%2Fwp%2Fv2%2Ftags&post=42991"}],"curies":[{"name":"wp","href":"https:\/\/api.w.org\/{rel}","templated":true}]}}