{"id":42984,"date":"2026-01-14T08:15:06","date_gmt":"2026-01-14T14:15:06","guid":{"rendered":"https:\/\/gerardoduque.com.mx\/?p=42984"},"modified":"2026-01-14T08:15:13","modified_gmt":"2026-01-14T14:15:13","slug":"refuerzan-apoyos-invernales-en-zonas-vulnerables-del-altiplano-y-centro","status":"publish","type":"post","link":"https:\/\/gerardoduque.com.mx\/?p=42984","title":{"rendered":"REFUERZAN APOYOS INVERNALES EN ZONAS VULNERABLES DEL ALTIPLANO Y CENTRO"},"content":{"rendered":"\n<p>Durante la presente temporada invernal, que se extiende hasta el mes de mayo, se mantienen y fortalecen las acciones de apoyo a poblaci\u00f3n vulnerable ante las bajas temperaturas registradas en distintas regiones del estado, con \u00e9nfasis en municipios del Altiplano y la zona Centro.<\/p>\n\n\n\n<p>Como parte de estas acciones, se distribuyeron mil 650 cobijas y chamarras a familias de municipios como Catorce, Salinas, Villa de Ramos, la capital y Soledad de Graciano S\u00e1nchez, donde recientemente se reportaron temperaturas m\u00ednimas de hasta menos un grado cent\u00edgrado y sensaciones t\u00e9rmicas de hasta menos cuatro grados, adem\u00e1s de amaneceres de dos grados en zonas urbanas.<\/p>\n\n\n\n<p>Las autoridades reiteraron a la poblaci\u00f3n la importancia de seguir medidas preventivas, entre ellas evitar el uso de anafres o fogatas en espacios cerrados para prevenir intoxicaciones, abrigarse de manera adecuada y mantenerse informada ante la posible llegada de nuevos frentes fr\u00edos en los pr\u00f3ximos d\u00edas.<\/p>\n","protected":false},"excerpt":{"rendered":"<p>Se reforz\u00f3 la entrega de apoyos para enfrentar las bajas temperaturas en comunidades con mayor vulnerabilidad, principalmente en el Altiplano y la zona Centro, como parte de las acciones preventivas de la temporada invernal.<\/p>\n","protected":false},"author":4,"featured_media":42985,"comment_status":"closed","ping_status":"closed","sticky":false,"template":"","format":"standard","meta":{"_et_pb_use_builder":"off","_et_pb_old_content":"","_et_gb_content_width":"","footnotes":""},"categories":[280],"tags":[190,72,66],"class_list":["post-42984","post","type-post","status-publish","format-standard","has-post-thumbnail","hentry","category-gob-slp","tag-cepc","tag-gobierno-del-estado","tag-san-luis-potosi"],"_links":{"self":[{"href":"https:\/\/gerardoduque.com.mx\/index.php?rest_route=\/wp\/v2\/posts\/42984","targetHints":{"allow":["GET"]}}],"collection":[{"href":"https:\/\/gerardoduque.com.mx\/index.php?rest_route=\/wp\/v2\/posts"}],"about":[{"href":"https:\/\/gerardoduque.com.mx\/index.php?rest_route=\/wp\/v2\/types\/post"}],"author":[{"embeddable":true,"href":"https:\/\/gerardoduque.com.mx\/index.php?rest_route=\/wp\/v2\/users\/4"}],"replies":[{"embeddable":true,"href":"https:\/\/gerardoduque.com.mx\/index.php?rest_route=%2Fwp%2Fv2%2Fcomments&post=42984"}],"version-history":[{"count":0,"href":"https:\/\/gerardoduque.com.mx\/index.php?rest_route=\/wp\/v2\/posts\/42984\/revisions"}],"wp:featuredmedia":[{"embeddable":true,"href":"https:\/\/gerardoduque.com.mx\/index.php?rest_route=\/wp\/v2\/media\/42985"}],"wp:attachment":[{"href":"https:\/\/gerardoduque.com.mx\/index.php?rest_route=%2Fwp%2Fv2%2Fmedia&parent=42984"}],"wp:term":[{"taxonomy":"category","embeddable":true,"href":"https:\/\/gerardoduque.com.mx\/index.php?rest_route=%2Fwp%2Fv2%2Fcategories&post=42984"},{"taxonomy":"post_tag","embeddable":true,"href":"https:\/\/gerardoduque.com.mx\/index.php?rest_route=%2Fwp%2Fv2%2Ftags&post=42984"}],"curies":[{"name":"wp","href":"https:\/\/api.w.org\/{rel}","templated":true}]}}