{"id":42981,"date":"2026-01-14T08:10:13","date_gmt":"2026-01-14T14:10:13","guid":{"rendered":"https:\/\/gerardoduque.com.mx\/?p=42981"},"modified":"2026-01-14T08:10:19","modified_gmt":"2026-01-14T14:10:19","slug":"concluyen-reconstruccion-de-camino-rural-en-tamazunchale","status":"publish","type":"post","link":"https:\/\/gerardoduque.com.mx\/?p=42981","title":{"rendered":"CONCLUYEN RECONSTRUCCI\u00d3N DE CAMINO RURAL EN TAMAZUNCHALE"},"content":{"rendered":"\n<p>La reconstrucci\u00f3n del camino que parte del entronque carretero 102, atraviesa Encino Solo y llega hasta Santa Mar\u00eda Picula qued\u00f3 concluida, con una longitud total de nueve kil\u00f3metros y beneficio directo para m\u00e1s de siete mil habitantes de 16 comunidades del municipio de Tamazunchale.<\/p>\n\n\n\n<p>La obra permitir\u00e1 una comunicaci\u00f3n m\u00e1s eficiente hacia la cabecera municipal, facilitando el traslado de personas, el acceso a bienes e insumos b\u00e1sicos y el transporte de productos agr\u00edcolas que se comercializan en la regi\u00f3n. Asimismo, mejora el acceso a parajes tur\u00edsticos ubicados en la zona del R\u00edo Claro, lo que favorece la actividad local.<\/p>\n\n\n\n<p>De acuerdo con la informaci\u00f3n t\u00e9cnica del proyecto, los trabajos incluyeron bacheo, aplicaci\u00f3n de carpeta asf\u00e1ltica, as\u00ed como la instalaci\u00f3n de se\u00f1alamiento vial y defensas met\u00e1licas en tramos con curvas de riesgo, con el objetivo de incrementar la seguridad en los traslados diarios.<\/p>\n\n\n\n<p>La intervenci\u00f3n forma parte de las acciones de mantenimiento y rehabilitaci\u00f3n de caminos en comunidades rurales, orientadas a mejorar la conectividad regional y las condiciones de movilidad.<\/p>\n","protected":false},"excerpt":{"rendered":"<p>Se concluyeron los trabajos de reconstrucci\u00f3n en un tramo carretero de nueve kil\u00f3metros que conecta comunidades rurales con la cabecera municipal de Tamazunchale.<\/p>\n","protected":false},"author":4,"featured_media":42982,"comment_status":"closed","ping_status":"closed","sticky":false,"template":"","format":"standard","meta":{"_et_pb_use_builder":"off","_et_pb_old_content":"","_et_gb_content_width":"","footnotes":""},"categories":[280],"tags":[72,276,66],"class_list":["post-42981","post","type-post","status-publish","format-standard","has-post-thumbnail","hentry","category-gob-slp","tag-gobierno-del-estado","tag-jec","tag-san-luis-potosi"],"_links":{"self":[{"href":"https:\/\/gerardoduque.com.mx\/index.php?rest_route=\/wp\/v2\/posts\/42981","targetHints":{"allow":["GET"]}}],"collection":[{"href":"https:\/\/gerardoduque.com.mx\/index.php?rest_route=\/wp\/v2\/posts"}],"about":[{"href":"https:\/\/gerardoduque.com.mx\/index.php?rest_route=\/wp\/v2\/types\/post"}],"author":[{"embeddable":true,"href":"https:\/\/gerardoduque.com.mx\/index.php?rest_route=\/wp\/v2\/users\/4"}],"replies":[{"embeddable":true,"href":"https:\/\/gerardoduque.com.mx\/index.php?rest_route=%2Fwp%2Fv2%2Fcomments&post=42981"}],"version-history":[{"count":0,"href":"https:\/\/gerardoduque.com.mx\/index.php?rest_route=\/wp\/v2\/posts\/42981\/revisions"}],"wp:featuredmedia":[{"embeddable":true,"href":"https:\/\/gerardoduque.com.mx\/index.php?rest_route=\/wp\/v2\/media\/42982"}],"wp:attachment":[{"href":"https:\/\/gerardoduque.com.mx\/index.php?rest_route=%2Fwp%2Fv2%2Fmedia&parent=42981"}],"wp:term":[{"taxonomy":"category","embeddable":true,"href":"https:\/\/gerardoduque.com.mx\/index.php?rest_route=%2Fwp%2Fv2%2Fcategories&post=42981"},{"taxonomy":"post_tag","embeddable":true,"href":"https:\/\/gerardoduque.com.mx\/index.php?rest_route=%2Fwp%2Fv2%2Ftags&post=42981"}],"curies":[{"name":"wp","href":"https:\/\/api.w.org\/{rel}","templated":true}]}}