{"id":42978,"date":"2026-01-14T08:06:02","date_gmt":"2026-01-14T14:06:02","guid":{"rendered":"https:\/\/gerardoduque.com.mx\/?p=42978"},"modified":"2026-01-14T08:06:08","modified_gmt":"2026-01-14T14:06:08","slug":"refuerzan-acciones-preventivas-y-de-proximidad-en-planteles-educativos","status":"publish","type":"post","link":"https:\/\/gerardoduque.com.mx\/?p=42978","title":{"rendered":"REFUERZAN ACCIONES PREVENTIVAS Y DE PROXIMIDAD EN PLANTELES EDUCATIVOS"},"content":{"rendered":"\n<p>Se mantienen en operaci\u00f3n acciones de proximidad, prevenci\u00f3n y concientizaci\u00f3n en planteles educativos como parte del plan integral de seguridad, con \u00e9nfasis en el acompa\u00f1amiento a la comunidad escolar tras el inicio del ciclo lectivo. Las actividades se desarrollan en coordinaci\u00f3n con el sector educativo y forman parte de las estrategias permanentes en materia preventiva.<\/p>\n\n\n\n<p>De acuerdo con informaci\u00f3n proporcionada por el titular de la Guardia Civil Estatal, el arranque del a\u00f1o registr\u00f3 resultados favorables en el \u00e1mbito preventivo, lo que se reflej\u00f3 en un regreso a clases sin incidentes. Desde el 12 de enero se implement\u00f3 el Operativo Juventud, que incluy\u00f3 presencia preventiva en las inmediaciones de los planteles y trabajo directo con estudiantes, docentes y madres y padres de familia.<\/p>\n\n\n\n<p>Entre las acciones realizadas se encuentran pl\u00e1ticas sobre autocuidado, prevenci\u00f3n de la violencia, uso responsable de redes sociales, talleres para padres y capacitaciones en protocolos de emergencia, con el objetivo de fortalecer entornos escolares seguros e informados.<\/p>\n\n\n\n<p>De manera complementaria, a trav\u00e9s de las Unidades de Prevenci\u00f3n del Delito y Atenci\u00f3n a la Violencia de G\u00e9nero, se llevan a cabo ferias de seguridad y servicios dentro y fuera de las escuelas, promoviendo la cultura de la denuncia, la igualdad, la resoluci\u00f3n pac\u00edfica de conflictos y la convivencia escolar.<\/p>\n","protected":false},"excerpt":{"rendered":"<p>Se refuerzan acciones preventivas y de proximidad en escuelas, con actividades informativas dirigidas a estudiantes, personal docente y familias, tras el regreso a clases.<\/p>\n","protected":false},"author":4,"featured_media":42979,"comment_status":"closed","ping_status":"closed","sticky":false,"template":"","format":"standard","meta":{"_et_pb_use_builder":"off","_et_pb_old_content":"","_et_gb_content_width":"","footnotes":""},"categories":[280],"tags":[390,72,66],"class_list":["post-42978","post","type-post","status-publish","format-standard","has-post-thumbnail","hentry","category-gob-slp","tag-gce","tag-gobierno-del-estado","tag-san-luis-potosi"],"_links":{"self":[{"href":"https:\/\/gerardoduque.com.mx\/index.php?rest_route=\/wp\/v2\/posts\/42978","targetHints":{"allow":["GET"]}}],"collection":[{"href":"https:\/\/gerardoduque.com.mx\/index.php?rest_route=\/wp\/v2\/posts"}],"about":[{"href":"https:\/\/gerardoduque.com.mx\/index.php?rest_route=\/wp\/v2\/types\/post"}],"author":[{"embeddable":true,"href":"https:\/\/gerardoduque.com.mx\/index.php?rest_route=\/wp\/v2\/users\/4"}],"replies":[{"embeddable":true,"href":"https:\/\/gerardoduque.com.mx\/index.php?rest_route=%2Fwp%2Fv2%2Fcomments&post=42978"}],"version-history":[{"count":0,"href":"https:\/\/gerardoduque.com.mx\/index.php?rest_route=\/wp\/v2\/posts\/42978\/revisions"}],"wp:featuredmedia":[{"embeddable":true,"href":"https:\/\/gerardoduque.com.mx\/index.php?rest_route=\/wp\/v2\/media\/42979"}],"wp:attachment":[{"href":"https:\/\/gerardoduque.com.mx\/index.php?rest_route=%2Fwp%2Fv2%2Fmedia&parent=42978"}],"wp:term":[{"taxonomy":"category","embeddable":true,"href":"https:\/\/gerardoduque.com.mx\/index.php?rest_route=%2Fwp%2Fv2%2Fcategories&post=42978"},{"taxonomy":"post_tag","embeddable":true,"href":"https:\/\/gerardoduque.com.mx\/index.php?rest_route=%2Fwp%2Fv2%2Ftags&post=42978"}],"curies":[{"name":"wp","href":"https:\/\/api.w.org\/{rel}","templated":true}]}}