{"id":42954,"date":"2026-01-13T11:28:54","date_gmt":"2026-01-13T17:28:54","guid":{"rendered":"https:\/\/gerardoduque.com.mx\/?p=42954"},"modified":"2026-01-13T11:29:00","modified_gmt":"2026-01-13T17:29:00","slug":"ofrecen-cursos-practicos-para-empleo-y-autoempleo-en-la-capital","status":"publish","type":"post","link":"https:\/\/gerardoduque.com.mx\/?p=42954","title":{"rendered":"OFRECEN CURSOS PR\u00c1CTICOS PARA EMPLEO Y AUTOEMPLEO EN LA CAPITAL"},"content":{"rendered":"\n<p>El Instituto de Capacitaci\u00f3n para el Trabajo mantiene una oferta de cursos de extensi\u00f3n enfocados en el desarrollo de habilidades pr\u00e1cticas para el mercado laboral y el emprendimiento, dirigidos a j\u00f3venes y personas adultas interesadas en ampliar sus opciones de ingreso.<\/p>\n\n\n\n<p>La programaci\u00f3n incluye cursos como Globoflexia, Aplicaci\u00f3n de U\u00f1as B\u00e1sico, Barber\u00eda B\u00e1sico y Laminado de Ceja 4K con Pigmento, los cuales se imparten en distintos horarios y sedes de la capital, con esquemas te\u00f3rico-pr\u00e1cticos que permiten la adquisici\u00f3n inmediata de conocimientos aplicables.<\/p>\n\n\n\n<p>De acuerdo con la informaci\u00f3n disponible, estos cursos buscan facilitar el acceso a capacitaci\u00f3n t\u00e9cnica de corta duraci\u00f3n, orientada tanto al empleo formal como al autoempleo, en \u00e1reas con demanda constante de servicios.<\/p>\n\n\n\n<p>La estrategia forma parte de las acciones de capacitaci\u00f3n laboral que se desarrollan en la entidad, con el objetivo de ampliar las herramientas de formaci\u00f3n y fortalecer las capacidades productivas de la poblaci\u00f3n.<\/p>\n\n\n\n<figure class=\"wp-block-gallery has-nested-images columns-default is-cropped wp-block-gallery-1 is-layout-flex wp-block-gallery-is-layout-flex\">\n<figure class=\"wp-block-image size-large\"><img decoding=\"async\" width=\"819\" height=\"1024\" data-id=\"42957\" src=\"https:\/\/gerardoduque.com.mx\/wp-content\/uploads\/2026\/01\/120126-15966-GOBIERNO-ESTATAL-POTENCIA-EL-EMPRENDIMIENTO-Y-HABILIDADES-LABORALES-1-1-819x1024.jpeg\" alt=\"\" class=\"wp-image-42957\" srcset=\"https:\/\/gerardoduque.com.mx\/wp-content\/uploads\/2026\/01\/120126-15966-GOBIERNO-ESTATAL-POTENCIA-EL-EMPRENDIMIENTO-Y-HABILIDADES-LABORALES-1-1-819x1024.jpeg 819w, https:\/\/gerardoduque.com.mx\/wp-content\/uploads\/2026\/01\/120126-15966-GOBIERNO-ESTATAL-POTENCIA-EL-EMPRENDIMIENTO-Y-HABILIDADES-LABORALES-1-1-480x600.jpeg 480w\" sizes=\"(min-width: 0px) and (max-width: 480px) 480px, (min-width: 481px) 819px, 100vw\" \/><\/figure>\n\n\n\n<figure class=\"wp-block-image size-large\"><img decoding=\"async\" width=\"819\" height=\"1024\" data-id=\"42956\" src=\"https:\/\/gerardoduque.com.mx\/wp-content\/uploads\/2026\/01\/120126-15966-GOBIERNO-ESTATAL-POTENCIA-EL-EMPRENDIMIENTO-Y-HABILIDADES-LABORALES-2-819x1024.jpeg\" alt=\"\" class=\"wp-image-42956\"\/><\/figure>\n\n\n\n<figure class=\"wp-block-image size-large\"><img decoding=\"async\" width=\"819\" height=\"1024\" data-id=\"42958\" src=\"https:\/\/gerardoduque.com.mx\/wp-content\/uploads\/2026\/01\/120126-15966-GOBIERNO-ESTATAL-POTENCIA-EL-EMPRENDIMIENTO-Y-HABILIDADES-LABORALES-3-819x1024.jpeg\" alt=\"\" class=\"wp-image-42958\" srcset=\"https:\/\/gerardoduque.com.mx\/wp-content\/uploads\/2026\/01\/120126-15966-GOBIERNO-ESTATAL-POTENCIA-EL-EMPRENDIMIENTO-Y-HABILIDADES-LABORALES-3-819x1024.jpeg 819w, https:\/\/gerardoduque.com.mx\/wp-content\/uploads\/2026\/01\/120126-15966-GOBIERNO-ESTATAL-POTENCIA-EL-EMPRENDIMIENTO-Y-HABILIDADES-LABORALES-3-480x600.jpeg 480w\" sizes=\"(min-width: 0px) and (max-width: 480px) 480px, (min-width: 481px) 819px, 100vw\" \/><\/figure>\n<\/figure>\n","protected":false},"excerpt":{"rendered":"<p>Se ofrece capacitaci\u00f3n pr\u00e1ctica orientada al empleo y al autoempleo, con cursos de corta duraci\u00f3n y contenidos aplicados a la demanda actual.<\/p>\n","protected":false},"author":4,"featured_media":42955,"comment_status":"closed","ping_status":"closed","sticky":false,"template":"","format":"standard","meta":{"_et_pb_use_builder":"off","_et_pb_old_content":"","_et_gb_content_width":"","footnotes":""},"categories":[280],"tags":[72,281,66],"class_list":["post-42954","post","type-post","status-publish","format-standard","has-post-thumbnail","hentry","category-gob-slp","tag-gobierno-del-estado","tag-icat","tag-san-luis-potosi"],"_links":{"self":[{"href":"https:\/\/gerardoduque.com.mx\/index.php?rest_route=\/wp\/v2\/posts\/42954","targetHints":{"allow":["GET"]}}],"collection":[{"href":"https:\/\/gerardoduque.com.mx\/index.php?rest_route=\/wp\/v2\/posts"}],"about":[{"href":"https:\/\/gerardoduque.com.mx\/index.php?rest_route=\/wp\/v2\/types\/post"}],"author":[{"embeddable":true,"href":"https:\/\/gerardoduque.com.mx\/index.php?rest_route=\/wp\/v2\/users\/4"}],"replies":[{"embeddable":true,"href":"https:\/\/gerardoduque.com.mx\/index.php?rest_route=%2Fwp%2Fv2%2Fcomments&post=42954"}],"version-history":[{"count":0,"href":"https:\/\/gerardoduque.com.mx\/index.php?rest_route=\/wp\/v2\/posts\/42954\/revisions"}],"wp:featuredmedia":[{"embeddable":true,"href":"https:\/\/gerardoduque.com.mx\/index.php?rest_route=\/wp\/v2\/media\/42955"}],"wp:attachment":[{"href":"https:\/\/gerardoduque.com.mx\/index.php?rest_route=%2Fwp%2Fv2%2Fmedia&parent=42954"}],"wp:term":[{"taxonomy":"category","embeddable":true,"href":"https:\/\/gerardoduque.com.mx\/index.php?rest_route=%2Fwp%2Fv2%2Fcategories&post=42954"},{"taxonomy":"post_tag","embeddable":true,"href":"https:\/\/gerardoduque.com.mx\/index.php?rest_route=%2Fwp%2Fv2%2Ftags&post=42954"}],"curies":[{"name":"wp","href":"https:\/\/api.w.org\/{rel}","templated":true}]}}