{"id":42948,"date":"2026-01-13T10:05:04","date_gmt":"2026-01-13T16:05:04","guid":{"rendered":"https:\/\/gerardoduque.com.mx\/?p=42948"},"modified":"2026-01-13T10:05:14","modified_gmt":"2026-01-13T16:05:14","slug":"slp-participara-en-la-feria-internacional-de-turismo-2026-en-madrid","status":"publish","type":"post","link":"https:\/\/gerardoduque.com.mx\/?p=42948","title":{"rendered":"SLP PARTICIPAR\u00c1 EN LA FERIA INTERNACIONAL DE TURISMO 2026 EN MADRID"},"content":{"rendered":"\n<p>Del 21 al 26 de enero, San Luis Potos\u00ed participar\u00e1 en la Feria Internacional de Turismo 2026 (FITUR), que se realizar\u00e1 en Madrid, Espa\u00f1a. Este encuentro re\u00fane a empresas, operadores y especialistas del sector tur\u00edstico de m\u00e1s de 130 pa\u00edses, y funciona como un espacio para la promoci\u00f3n de destinos, productos y experiencias a nivel internacional.<\/p>\n\n\n\n<p>Durante la feria se dar\u00e1 a conocer la oferta cultural, natural y gastron\u00f3mica del estado, as\u00ed como segmentos como turismo cultural, de naturaleza, romance, enoturismo y turismo de reuniones. Entre los atractivos que se presentar\u00e1n se encuentran la Ruta del Vino y Mezcal Potosino, los Pueblos M\u00e1gicos, el Barrio M\u00e1gico de Tlaxcala, Xantolo, Real de Catorce y la Huasteca Potosina.<\/p>\n\n\n\n<p>La agenda contempla tambi\u00e9n rondas de negocios, encuentros con operadores tur\u00edsticos, inversionistas y medios especializados, adem\u00e1s de la posibilidad de establecer acuerdos de colaboraci\u00f3n. Estas actividades buscan ampliar la proyecci\u00f3n del destino en mercados internacionales y fortalecer su posicionamiento dentro de la industria tur\u00edstica global.<\/p>\n","protected":false},"excerpt":{"rendered":"<p>San Luis Potos\u00ed tendr\u00e1 presencia en uno de los principales foros internacionales del sector tur\u00edstico, con el objetivo de ampliar su promoci\u00f3n en mercados globales y generar v\u00ednculos estrat\u00e9gicos.<\/p>\n","protected":false},"author":4,"featured_media":42949,"comment_status":"closed","ping_status":"closed","sticky":false,"template":"","format":"standard","meta":{"_et_pb_use_builder":"off","_et_pb_old_content":"","_et_gb_content_width":"","footnotes":""},"categories":[280],"tags":[72,66,316],"class_list":["post-42948","post","type-post","status-publish","format-standard","has-post-thumbnail","hentry","category-gob-slp","tag-gobierno-del-estado","tag-san-luis-potosi","tag-sectur"],"_links":{"self":[{"href":"https:\/\/gerardoduque.com.mx\/index.php?rest_route=\/wp\/v2\/posts\/42948","targetHints":{"allow":["GET"]}}],"collection":[{"href":"https:\/\/gerardoduque.com.mx\/index.php?rest_route=\/wp\/v2\/posts"}],"about":[{"href":"https:\/\/gerardoduque.com.mx\/index.php?rest_route=\/wp\/v2\/types\/post"}],"author":[{"embeddable":true,"href":"https:\/\/gerardoduque.com.mx\/index.php?rest_route=\/wp\/v2\/users\/4"}],"replies":[{"embeddable":true,"href":"https:\/\/gerardoduque.com.mx\/index.php?rest_route=%2Fwp%2Fv2%2Fcomments&post=42948"}],"version-history":[{"count":0,"href":"https:\/\/gerardoduque.com.mx\/index.php?rest_route=\/wp\/v2\/posts\/42948\/revisions"}],"wp:featuredmedia":[{"embeddable":true,"href":"https:\/\/gerardoduque.com.mx\/index.php?rest_route=\/wp\/v2\/media\/42949"}],"wp:attachment":[{"href":"https:\/\/gerardoduque.com.mx\/index.php?rest_route=%2Fwp%2Fv2%2Fmedia&parent=42948"}],"wp:term":[{"taxonomy":"category","embeddable":true,"href":"https:\/\/gerardoduque.com.mx\/index.php?rest_route=%2Fwp%2Fv2%2Fcategories&post=42948"},{"taxonomy":"post_tag","embeddable":true,"href":"https:\/\/gerardoduque.com.mx\/index.php?rest_route=%2Fwp%2Fv2%2Ftags&post=42948"}],"curies":[{"name":"wp","href":"https:\/\/api.w.org\/{rel}","templated":true}]}}