{"id":42941,"date":"2026-01-13T08:18:55","date_gmt":"2026-01-13T14:18:55","guid":{"rendered":"https:\/\/gerardoduque.com.mx\/?p=42941"},"modified":"2026-01-13T08:19:02","modified_gmt":"2026-01-13T14:19:02","slug":"regresan-a-clases-mas-de-530-mil-estudiantes-pese-a-bajas-temperaturas","status":"publish","type":"post","link":"https:\/\/gerardoduque.com.mx\/?p=42941","title":{"rendered":"REGRESAN A CLASES M\u00c1S DE 530 MIL ESTUDIANTES PESE A BAJAS TEMPERATURAS"},"content":{"rendered":"\n<p>Este lunes 12 de enero se registr\u00f3 el regreso a clases de alrededor de 530 mil alumnas y alumnos de educaci\u00f3n b\u00e1sica, pese a las bajas temperaturas provocadas por el frente fr\u00edo. El retorno a las aulas se desarroll\u00f3 de manera ordenada y sin incidentes en los planteles, con aplicaci\u00f3n de medidas preventivas para reducir riesgos de enfermedades respiratorias.<\/p>\n\n\n\n<p>De acuerdo con la informaci\u00f3n disponible, se present\u00f3 un ligero ausentismo en las m\u00e1s de ocho mil escuelas del estado, principalmente relacionado con las condiciones clim\u00e1ticas. Ante este escenario, se reiter\u00f3 que las recomendaciones propias de la temporada invernal permanecer\u00e1n vigentes hasta el 21 de marzo.<\/p>\n\n\n\n<p>Entre las medidas aplicadas se mantiene la tolerancia de 30 minutos en el horario de entrada del turno matutino y la salida anticipada en el turno vespertino, as\u00ed como el uso de ropa abrigadora, la limitaci\u00f3n de actividades al aire libre y el refuerzo de filtros sanitarios desde casa.<\/p>\n\n\n\n<p>Finalmente, se hizo un llamado a madres y padres de familia a no enviar a clases a ni\u00f1as y ni\u00f1os que presenten s\u00edntomas de enfermedades respiratorias y a priorizar la atenci\u00f3n m\u00e9dica correspondiente.<\/p>\n","protected":false},"excerpt":{"rendered":"<p>Cerca de 530 mil estudiantes retomaron actividades en educaci\u00f3n b\u00e1sica, con ligera ausencia por bajas temperaturas y aplicaci\u00f3n de medidas preventivas ante la temporada invernal.<\/p>\n","protected":false},"author":4,"featured_media":42942,"comment_status":"closed","ping_status":"closed","sticky":false,"template":"","format":"standard","meta":{"_et_pb_use_builder":"off","_et_pb_old_content":"","_et_gb_content_width":"","footnotes":""},"categories":[280],"tags":[72,66,248],"class_list":["post-42941","post","type-post","status-publish","format-standard","has-post-thumbnail","hentry","category-gob-slp","tag-gobierno-del-estado","tag-san-luis-potosi","tag-seer"],"_links":{"self":[{"href":"https:\/\/gerardoduque.com.mx\/index.php?rest_route=\/wp\/v2\/posts\/42941","targetHints":{"allow":["GET"]}}],"collection":[{"href":"https:\/\/gerardoduque.com.mx\/index.php?rest_route=\/wp\/v2\/posts"}],"about":[{"href":"https:\/\/gerardoduque.com.mx\/index.php?rest_route=\/wp\/v2\/types\/post"}],"author":[{"embeddable":true,"href":"https:\/\/gerardoduque.com.mx\/index.php?rest_route=\/wp\/v2\/users\/4"}],"replies":[{"embeddable":true,"href":"https:\/\/gerardoduque.com.mx\/index.php?rest_route=%2Fwp%2Fv2%2Fcomments&post=42941"}],"version-history":[{"count":0,"href":"https:\/\/gerardoduque.com.mx\/index.php?rest_route=\/wp\/v2\/posts\/42941\/revisions"}],"wp:featuredmedia":[{"embeddable":true,"href":"https:\/\/gerardoduque.com.mx\/index.php?rest_route=\/wp\/v2\/media\/42942"}],"wp:attachment":[{"href":"https:\/\/gerardoduque.com.mx\/index.php?rest_route=%2Fwp%2Fv2%2Fmedia&parent=42941"}],"wp:term":[{"taxonomy":"category","embeddable":true,"href":"https:\/\/gerardoduque.com.mx\/index.php?rest_route=%2Fwp%2Fv2%2Fcategories&post=42941"},{"taxonomy":"post_tag","embeddable":true,"href":"https:\/\/gerardoduque.com.mx\/index.php?rest_route=%2Fwp%2Fv2%2Ftags&post=42941"}],"curies":[{"name":"wp","href":"https:\/\/api.w.org\/{rel}","templated":true}]}}