{"id":42938,"date":"2026-01-13T08:13:39","date_gmt":"2026-01-13T14:13:39","guid":{"rendered":"https:\/\/gerardoduque.com.mx\/?p=42938"},"modified":"2026-01-13T08:13:48","modified_gmt":"2026-01-13T14:13:48","slug":"reportan-descenso-de-temperaturas-por-frente-frio-27-en-zonas-altas-de-slp","status":"publish","type":"post","link":"https:\/\/gerardoduque.com.mx\/?p=42938","title":{"rendered":"REPORTAN DESCENSO DE TEMPERATURAS POR FRENTE FR\u00cdO 27 EN ZONAS ALTAS DE SLP"},"content":{"rendered":"\n<p>Se mantiene un monitoreo permanente en todo el estado debido a los efectos de la masa de aire \u00e1rtico asociada al frente fr\u00edo n\u00famero 27, que contin\u00faa generando ambiente g\u00e9lido, principalmente en sierras y regiones de mayor altitud.<\/p>\n\n\n\n<p>Durante las \u00faltimas horas, las temperaturas m\u00e1s bajas se registraron en los municipios de Catorce y Salinas, con valores de -1 y 0 grados cent\u00edgrados, respectivamente, y sensaciones t\u00e9rmicas que alcanzaron hasta -4 grados, de acuerdo con los reportes disponibles.<\/p>\n\n\n\n<p>Ante estas condiciones, se reiter\u00f3 la importancia de mantener habilitados los refugios temporales en los municipios y de extremar precauciones en los hogares, evitando el uso de anafres o braseros en espacios cerrados.<\/p>\n\n\n\n<p>Asimismo, se recomend\u00f3 a la poblaci\u00f3n abrigarse adecuadamente mediante el sistema de capas y mantenerse informada a trav\u00e9s de los canales oficiales para atender cualquier eventualidad relacionada con las bajas temperaturas.<\/p>\n","protected":false},"excerpt":{"rendered":"<p>Se mantienen temperaturas bajo cero en zonas serranas y partes altas, con monitoreo preventivo y recomendaci\u00f3n de medidas de protecci\u00f3n ante el fr\u00edo extremo.<\/p>\n","protected":false},"author":4,"featured_media":42939,"comment_status":"closed","ping_status":"closed","sticky":false,"template":"","format":"standard","meta":{"_et_pb_use_builder":"off","_et_pb_old_content":"","_et_gb_content_width":"","footnotes":""},"categories":[280],"tags":[190,72,66],"class_list":["post-42938","post","type-post","status-publish","format-standard","has-post-thumbnail","hentry","category-gob-slp","tag-cepc","tag-gobierno-del-estado","tag-san-luis-potosi"],"_links":{"self":[{"href":"https:\/\/gerardoduque.com.mx\/index.php?rest_route=\/wp\/v2\/posts\/42938","targetHints":{"allow":["GET"]}}],"collection":[{"href":"https:\/\/gerardoduque.com.mx\/index.php?rest_route=\/wp\/v2\/posts"}],"about":[{"href":"https:\/\/gerardoduque.com.mx\/index.php?rest_route=\/wp\/v2\/types\/post"}],"author":[{"embeddable":true,"href":"https:\/\/gerardoduque.com.mx\/index.php?rest_route=\/wp\/v2\/users\/4"}],"replies":[{"embeddable":true,"href":"https:\/\/gerardoduque.com.mx\/index.php?rest_route=%2Fwp%2Fv2%2Fcomments&post=42938"}],"version-history":[{"count":0,"href":"https:\/\/gerardoduque.com.mx\/index.php?rest_route=\/wp\/v2\/posts\/42938\/revisions"}],"wp:featuredmedia":[{"embeddable":true,"href":"https:\/\/gerardoduque.com.mx\/index.php?rest_route=\/wp\/v2\/media\/42939"}],"wp:attachment":[{"href":"https:\/\/gerardoduque.com.mx\/index.php?rest_route=%2Fwp%2Fv2%2Fmedia&parent=42938"}],"wp:term":[{"taxonomy":"category","embeddable":true,"href":"https:\/\/gerardoduque.com.mx\/index.php?rest_route=%2Fwp%2Fv2%2Fcategories&post=42938"},{"taxonomy":"post_tag","embeddable":true,"href":"https:\/\/gerardoduque.com.mx\/index.php?rest_route=%2Fwp%2Fv2%2Ftags&post=42938"}],"curies":[{"name":"wp","href":"https:\/\/api.w.org\/{rel}","templated":true}]}}