{"id":42935,"date":"2026-01-13T06:08:57","date_gmt":"2026-01-13T12:08:57","guid":{"rendered":"https:\/\/gerardoduque.com.mx\/?p=42935"},"modified":"2026-01-13T06:09:03","modified_gmt":"2026-01-13T12:09:03","slug":"operativo-preventivo-acompana-regreso-a-clases-en-planteles-de-educacion-basica","status":"publish","type":"post","link":"https:\/\/gerardoduque.com.mx\/?p=42935","title":{"rendered":"OPERATIVO PREVENTIVO ACOMPA\u00d1A REGRESO A CLASES EN PLANTELES DE EDUCACI\u00d3N B\u00c1SICA"},"content":{"rendered":"\n<p>Este lunes 12 de enero se implement\u00f3 un operativo especial con presencia preventiva en planteles de educaci\u00f3n b\u00e1sica de las cuatro regiones, con motivo del regreso a clases tras el periodo vacacional.<\/p>\n\n\n\n<p>El dispositivo inici\u00f3 a las 6:00 horas con recorridos y vigilancia en centros educativos, as\u00ed como en zonas de ascenso y descenso de estudiantes, con el objetivo de apoyar a madres y padres de familia, alumnado, personal docente y administrativo durante el inicio del turno matutino.<\/p>\n\n\n\n<p>Como parte de las acciones, se reforz\u00f3 la vialidad en calles y avenidas aleda\u00f1as a las escuelas para agilizar la movilidad, mientras que personal operativo brinda apoyo directo en los accesos a los planteles para favorecer traslados ordenados.<\/p>\n\n\n\n<p>El operativo se replicar\u00e1 durante el turno vespertino, con vigilancia permanente a lo largo de la jornada escolar. Hasta el momento, las actividades se desarrollan sin incidencias.<\/p>\n","protected":false},"excerpt":{"rendered":"<p>Desde primeras horas de este lunes se mantiene presencia preventiva en planteles de educaci\u00f3n b\u00e1sica para apoyar el regreso a clases y garantizar traslados seguros en los horarios escolares.<\/p>\n","protected":false},"author":4,"featured_media":42936,"comment_status":"closed","ping_status":"closed","sticky":false,"template":"","format":"standard","meta":{"_et_pb_use_builder":"off","_et_pb_old_content":"","_et_gb_content_width":"","footnotes":""},"categories":[280],"tags":[72,66],"class_list":["post-42935","post","type-post","status-publish","format-standard","has-post-thumbnail","hentry","category-gob-slp","tag-gobierno-del-estado","tag-san-luis-potosi"],"_links":{"self":[{"href":"https:\/\/gerardoduque.com.mx\/index.php?rest_route=\/wp\/v2\/posts\/42935","targetHints":{"allow":["GET"]}}],"collection":[{"href":"https:\/\/gerardoduque.com.mx\/index.php?rest_route=\/wp\/v2\/posts"}],"about":[{"href":"https:\/\/gerardoduque.com.mx\/index.php?rest_route=\/wp\/v2\/types\/post"}],"author":[{"embeddable":true,"href":"https:\/\/gerardoduque.com.mx\/index.php?rest_route=\/wp\/v2\/users\/4"}],"replies":[{"embeddable":true,"href":"https:\/\/gerardoduque.com.mx\/index.php?rest_route=%2Fwp%2Fv2%2Fcomments&post=42935"}],"version-history":[{"count":0,"href":"https:\/\/gerardoduque.com.mx\/index.php?rest_route=\/wp\/v2\/posts\/42935\/revisions"}],"wp:featuredmedia":[{"embeddable":true,"href":"https:\/\/gerardoduque.com.mx\/index.php?rest_route=\/wp\/v2\/media\/42936"}],"wp:attachment":[{"href":"https:\/\/gerardoduque.com.mx\/index.php?rest_route=%2Fwp%2Fv2%2Fmedia&parent=42935"}],"wp:term":[{"taxonomy":"category","embeddable":true,"href":"https:\/\/gerardoduque.com.mx\/index.php?rest_route=%2Fwp%2Fv2%2Fcategories&post=42935"},{"taxonomy":"post_tag","embeddable":true,"href":"https:\/\/gerardoduque.com.mx\/index.php?rest_route=%2Fwp%2Fv2%2Ftags&post=42935"}],"curies":[{"name":"wp","href":"https:\/\/api.w.org\/{rel}","templated":true}]}}