{"id":42899,"date":"2026-01-12T15:02:43","date_gmt":"2026-01-12T21:02:43","guid":{"rendered":"https:\/\/gerardoduque.com.mx\/?p=42899"},"modified":"2026-01-12T15:02:50","modified_gmt":"2026-01-12T21:02:50","slug":"aclaran-alcance-del-impuesto-a-divisas-y-llaman-a-usar-medios-digitales-para-envio-de-remesas","status":"publish","type":"post","link":"https:\/\/gerardoduque.com.mx\/?p=42899","title":{"rendered":"ACLARAN ALCANCE DEL IMPUESTO A DIVISAS Y LLAMAN A USAR MEDIOS DIGITALES PARA ENV\u00cdO DE REMESAS"},"content":{"rendered":"\n<p>Autoridades estatales informaron que el impuesto del uno por ciento a divisas, vigente desde enero de 2026, \u00fanicamente aplica a dep\u00f3sitos en efectivo, por lo que las transferencias electr\u00f3nicas, tarjetas bancarias y plataformas digitales no est\u00e1n sujetas a este gravamen.<\/p>\n\n\n\n<p>El titular del Instituto de Migraci\u00f3n y Enlace Internacional, Luis Enrique Hern\u00e1ndez Segura, explic\u00f3 que el uso de medios digitales permite que los recursos enviados por connacionales lleguen \u00edntegros a sus destinatarios, sin cargos adicionales, lo que representa una alternativa segura para las familias que dependen de estos ingresos.<\/p>\n\n\n\n<p>De acuerdo con datos del Banco de M\u00e9xico, hasta septiembre de 2025 se hab\u00edan registrado ingresos por remesas superiores a mil 500 millones de d\u00f3lares en la entidad, cifra que podr\u00eda incrementarse con el reporte anual. Estos flujos contin\u00faan siendo un componente relevante para la econom\u00eda familiar, particularmente en municipios con alta migraci\u00f3n.<\/p>\n","protected":false},"excerpt":{"rendered":"<p>Las transferencias electr\u00f3nicas y otros medios digitales contin\u00faan como la v\u00eda principal para el env\u00edo de remesas, sin afectaciones por el impuesto del uno por ciento que aplica \u00fanicamente a dep\u00f3sitos en efectivo desde enero de 2026.<\/p>\n","protected":false},"author":4,"featured_media":42900,"comment_status":"closed","ping_status":"closed","sticky":false,"template":"","format":"standard","meta":{"_et_pb_use_builder":"off","_et_pb_old_content":"","_et_gb_content_width":"","footnotes":""},"categories":[280],"tags":[72,268,66],"class_list":["post-42899","post","type-post","status-publish","format-standard","has-post-thumbnail","hentry","category-gob-slp","tag-gobierno-del-estado","tag-imei","tag-san-luis-potosi"],"_links":{"self":[{"href":"https:\/\/gerardoduque.com.mx\/index.php?rest_route=\/wp\/v2\/posts\/42899","targetHints":{"allow":["GET"]}}],"collection":[{"href":"https:\/\/gerardoduque.com.mx\/index.php?rest_route=\/wp\/v2\/posts"}],"about":[{"href":"https:\/\/gerardoduque.com.mx\/index.php?rest_route=\/wp\/v2\/types\/post"}],"author":[{"embeddable":true,"href":"https:\/\/gerardoduque.com.mx\/index.php?rest_route=\/wp\/v2\/users\/4"}],"replies":[{"embeddable":true,"href":"https:\/\/gerardoduque.com.mx\/index.php?rest_route=%2Fwp%2Fv2%2Fcomments&post=42899"}],"version-history":[{"count":0,"href":"https:\/\/gerardoduque.com.mx\/index.php?rest_route=\/wp\/v2\/posts\/42899\/revisions"}],"wp:featuredmedia":[{"embeddable":true,"href":"https:\/\/gerardoduque.com.mx\/index.php?rest_route=\/wp\/v2\/media\/42900"}],"wp:attachment":[{"href":"https:\/\/gerardoduque.com.mx\/index.php?rest_route=%2Fwp%2Fv2%2Fmedia&parent=42899"}],"wp:term":[{"taxonomy":"category","embeddable":true,"href":"https:\/\/gerardoduque.com.mx\/index.php?rest_route=%2Fwp%2Fv2%2Fcategories&post=42899"},{"taxonomy":"post_tag","embeddable":true,"href":"https:\/\/gerardoduque.com.mx\/index.php?rest_route=%2Fwp%2Fv2%2Ftags&post=42899"}],"curies":[{"name":"wp","href":"https:\/\/api.w.org\/{rel}","templated":true}]}}