{"id":42896,"date":"2026-01-12T14:59:06","date_gmt":"2026-01-12T20:59:06","guid":{"rendered":"https:\/\/gerardoduque.com.mx\/?p=42896"},"modified":"2026-01-12T14:59:13","modified_gmt":"2026-01-12T20:59:13","slug":"entregan-equipamiento-a-unidades-de-rehabilitacion-en-san-martin-chalchicuautla-y-xilitla","status":"publish","type":"post","link":"https:\/\/gerardoduque.com.mx\/?p=42896","title":{"rendered":"ENTREGAN EQUIPAMIENTO A UNIDADES DE REHABILITACI\u00d3N EN SAN MART\u00cdN CHALCHICUAUTLA Y XILITLA"},"content":{"rendered":"\n<p>El Sistema Estatal para el Desarrollo Integral de la Familia realiz\u00f3 la entrega de equipamiento especializado a las Unidades B\u00e1sicas de Rehabilitaci\u00f3n de San Mart\u00edn Chalchicuautla y Xilitla, como parte de una estrategia orientada a fortalecer la atenci\u00f3n a personas con discapacidad y ampliar la cobertura de los servicios de rehabilitaci\u00f3n.<\/p>\n\n\n\n<p>La directora general del DIF, Virginia Z\u00fa\u00f1iga Maldonado, inform\u00f3 que la actualizaci\u00f3n del equipamiento permitir\u00e1 brindar terapias con mejores condiciones de seguridad y funcionalidad. Entre el material entregado se encuentran barras y rodillos para coordinaci\u00f3n y equilibrio, bancos y plataformas de trabajo, caminadora el\u00e9ctrica, bicicletas de rehabilitaci\u00f3n, tinas de hidroterapia de acero inoxidable, as\u00ed como pesas y mancuernas de distintos pesos.<\/p>\n\n\n\n<p>Con esta entrega se busca ampliar la capacidad operativa de las Unidades B\u00e1sicas de Rehabilitaci\u00f3n en la regi\u00f3n Huasteca, facilitando procesos de recuperaci\u00f3n f\u00edsica y atenci\u00f3n motriz, y mejorando el acceso a servicios de rehabilitaci\u00f3n para las familias que requieren este tipo de atenci\u00f3n.<\/p>\n","protected":false},"excerpt":{"rendered":"<p>Se entreg\u00f3 equipamiento especializado a Unidades B\u00e1sicas de Rehabilitaci\u00f3n en San Mart\u00edn Chalchicuautla y Xilitla, con el objetivo de ampliar y mejorar los servicios de atenci\u00f3n f\u00edsica y motriz en la regi\u00f3n Huasteca.<\/p>\n","protected":false},"author":4,"featured_media":42897,"comment_status":"closed","ping_status":"closed","sticky":false,"template":"","format":"standard","meta":{"_et_pb_use_builder":"off","_et_pb_old_content":"","_et_gb_content_width":"","footnotes":""},"categories":[280],"tags":[180,72,66],"class_list":["post-42896","post","type-post","status-publish","format-standard","has-post-thumbnail","hentry","category-gob-slp","tag-dif-estatal","tag-gobierno-del-estado","tag-san-luis-potosi"],"_links":{"self":[{"href":"https:\/\/gerardoduque.com.mx\/index.php?rest_route=\/wp\/v2\/posts\/42896","targetHints":{"allow":["GET"]}}],"collection":[{"href":"https:\/\/gerardoduque.com.mx\/index.php?rest_route=\/wp\/v2\/posts"}],"about":[{"href":"https:\/\/gerardoduque.com.mx\/index.php?rest_route=\/wp\/v2\/types\/post"}],"author":[{"embeddable":true,"href":"https:\/\/gerardoduque.com.mx\/index.php?rest_route=\/wp\/v2\/users\/4"}],"replies":[{"embeddable":true,"href":"https:\/\/gerardoduque.com.mx\/index.php?rest_route=%2Fwp%2Fv2%2Fcomments&post=42896"}],"version-history":[{"count":0,"href":"https:\/\/gerardoduque.com.mx\/index.php?rest_route=\/wp\/v2\/posts\/42896\/revisions"}],"wp:featuredmedia":[{"embeddable":true,"href":"https:\/\/gerardoduque.com.mx\/index.php?rest_route=\/wp\/v2\/media\/42897"}],"wp:attachment":[{"href":"https:\/\/gerardoduque.com.mx\/index.php?rest_route=%2Fwp%2Fv2%2Fmedia&parent=42896"}],"wp:term":[{"taxonomy":"category","embeddable":true,"href":"https:\/\/gerardoduque.com.mx\/index.php?rest_route=%2Fwp%2Fv2%2Fcategories&post=42896"},{"taxonomy":"post_tag","embeddable":true,"href":"https:\/\/gerardoduque.com.mx\/index.php?rest_route=%2Fwp%2Fv2%2Ftags&post=42896"}],"curies":[{"name":"wp","href":"https:\/\/api.w.org\/{rel}","templated":true}]}}