{"id":42860,"date":"2026-01-12T07:09:05","date_gmt":"2026-01-12T13:09:05","guid":{"rendered":"https:\/\/gerardoduque.com.mx\/?p=42860"},"modified":"2026-01-12T07:09:13","modified_gmt":"2026-01-12T13:09:13","slug":"anuncian-programa-de-rehabilitacion-urbana-que-contempla-intervencion-de-100-colonias-en-2026","status":"publish","type":"post","link":"https:\/\/gerardoduque.com.mx\/?p=42860","title":{"rendered":"ANUNCIAN PROGRAMA DE REHABILITACI\u00d3N URBANA QUE CONTEMPLA INTERVENCI\u00d3N DE 100 COLONIAS EN 2026"},"content":{"rendered":"\n<p>Para 2026 se anunci\u00f3 el inicio del programa \u201cEnch\u00falame la Colonia\u201d, que contempla la intervenci\u00f3n directa de 100 colonias con acciones de pavimentaci\u00f3n, eliminaci\u00f3n de baches, mejora de alumbrado p\u00fablico, rehabilitaci\u00f3n de \u00e1reas verdes y adecuaciones urbanas. Para 2027, se prev\u00e9 incorporar otras 120 colonias a este esquema de trabajo.<\/p>\n\n\n\n<p>De acuerdo con lo informado, el programa est\u00e1 enfocado en zonas que durante a\u00f1os no hab\u00edan recibido trabajos de mantenimiento o rehabilitaci\u00f3n integral, con el objetivo de atender rezagos urbanos acumulados y mejorar las condiciones del entorno en distintos sectores.<\/p>\n\n\n\n<p>Adicionalmente, se adelant\u00f3 que en marzo se publicar\u00e1 la licitaci\u00f3n para un nuevo tramo de la v\u00eda alterna, con una inversi\u00f3n superior a 600 millones de pesos, que permitir\u00e1 extender la conexi\u00f3n del eje 120 al eje 140 en la zona industrial, como parte de los proyectos de movilidad previstos.<\/p>\n\n\n\n<p>Tambi\u00e9n se inform\u00f3 que en los pr\u00f3ximos meses se entregar\u00e1n obras viales actualmente en proceso, entre ellas el puente ubicado en la zona de Valle de los Fantasmas, as\u00ed como otros proyectos sobre Circuito Potos\u00ed, con el objetivo de mejorar la continuidad del flujo vehicular.<\/p>\n","protected":false},"excerpt":{"rendered":"<p>Se prev\u00e9 la intervenci\u00f3n de colonias con trabajos de pavimentaci\u00f3n, alumbrado y rehabilitaci\u00f3n urbana a partir de 2026, as\u00ed como nuevos proyectos viales en la zona industrial.<\/p>\n","protected":false},"author":4,"featured_media":42861,"comment_status":"closed","ping_status":"closed","sticky":false,"template":"","format":"standard","meta":{"_et_pb_use_builder":"off","_et_pb_old_content":"","_et_gb_content_width":"","footnotes":""},"categories":[280],"tags":[72,66],"class_list":["post-42860","post","type-post","status-publish","format-standard","has-post-thumbnail","hentry","category-gob-slp","tag-gobierno-del-estado","tag-san-luis-potosi"],"_links":{"self":[{"href":"https:\/\/gerardoduque.com.mx\/index.php?rest_route=\/wp\/v2\/posts\/42860","targetHints":{"allow":["GET"]}}],"collection":[{"href":"https:\/\/gerardoduque.com.mx\/index.php?rest_route=\/wp\/v2\/posts"}],"about":[{"href":"https:\/\/gerardoduque.com.mx\/index.php?rest_route=\/wp\/v2\/types\/post"}],"author":[{"embeddable":true,"href":"https:\/\/gerardoduque.com.mx\/index.php?rest_route=\/wp\/v2\/users\/4"}],"replies":[{"embeddable":true,"href":"https:\/\/gerardoduque.com.mx\/index.php?rest_route=%2Fwp%2Fv2%2Fcomments&post=42860"}],"version-history":[{"count":0,"href":"https:\/\/gerardoduque.com.mx\/index.php?rest_route=\/wp\/v2\/posts\/42860\/revisions"}],"wp:featuredmedia":[{"embeddable":true,"href":"https:\/\/gerardoduque.com.mx\/index.php?rest_route=\/wp\/v2\/media\/42861"}],"wp:attachment":[{"href":"https:\/\/gerardoduque.com.mx\/index.php?rest_route=%2Fwp%2Fv2%2Fmedia&parent=42860"}],"wp:term":[{"taxonomy":"category","embeddable":true,"href":"https:\/\/gerardoduque.com.mx\/index.php?rest_route=%2Fwp%2Fv2%2Fcategories&post=42860"},{"taxonomy":"post_tag","embeddable":true,"href":"https:\/\/gerardoduque.com.mx\/index.php?rest_route=%2Fwp%2Fv2%2Ftags&post=42860"}],"curies":[{"name":"wp","href":"https:\/\/api.w.org\/{rel}","templated":true}]}}