{"id":42850,"date":"2026-01-11T09:13:49","date_gmt":"2026-01-11T15:13:49","guid":{"rendered":"https:\/\/gerardoduque.com.mx\/?p=42850"},"modified":"2026-01-11T09:13:54","modified_gmt":"2026-01-11T15:13:54","slug":"reconocen-a-san-luis-potosi-por-promocion-turistica-en-feria-de-leon","status":"publish","type":"post","link":"https:\/\/gerardoduque.com.mx\/?p=42850","title":{"rendered":"RECONOCEN A SAN LUIS POTOS\u00cd POR PROMOCI\u00d3N TUR\u00cdSTICA EN FERIA DE LE\u00d3N"},"content":{"rendered":"\n<p>Durante la edici\u00f3n 2026 de la Feria de Le\u00f3n, San Luis Potos\u00ed cuenta con un espacio de exhibici\u00f3n en el que se muestran productos gastron\u00f3micos, artesanales y elementos representativos de su tradici\u00f3n y atractivo tur\u00edstico, como parte de las actividades del evento ferial.<\/p>\n\n\n\n<p>Autoridades municipales de Le\u00f3n realizaron un recorrido por el stand, donde se expone la diversidad cultural y productiva del estado. La alcaldesa Alejandra Guti\u00e9rrez Campos dio la bienvenida a San Luis Potos\u00ed como estado invitado y destac\u00f3 la relaci\u00f3n de colaboraci\u00f3n entre ambas entidades, particularmente en materia cultural y tur\u00edstica.<\/p>\n\n\n\n<p>Por su parte, Luis Miguel Aguirre Aranda se\u00f1al\u00f3 que la participaci\u00f3n potosina aporta contenido y variedad a la feria, al considerar que se trata de un estado con una amplia oferta que puede ser conocida por visitantes locales y for\u00e1neos.<\/p>\n\n\n\n<p>La presencia de San Luis Potos\u00ed en la Feria de Le\u00f3n permite acercar sus tradiciones, productos y destinos a uno de los eventos con mayor afluencia del Baj\u00edo, como parte de un intercambio cultural y tur\u00edstico entre regiones.<\/p>\n","protected":false},"excerpt":{"rendered":"<p>San Luis Potos\u00ed participa como estado invitado en la edici\u00f3n 2026 de la Feria de Le\u00f3n, donde presenta una muestra de su oferta gastron\u00f3mica, tur\u00edstica y artesanal a visitantes del evento.<\/p>\n","protected":false},"author":4,"featured_media":42851,"comment_status":"closed","ping_status":"closed","sticky":false,"template":"","format":"standard","meta":{"_et_pb_use_builder":"off","_et_pb_old_content":"","_et_gb_content_width":"","footnotes":""},"categories":[280],"tags":[72,66,316],"class_list":["post-42850","post","type-post","status-publish","format-standard","has-post-thumbnail","hentry","category-gob-slp","tag-gobierno-del-estado","tag-san-luis-potosi","tag-sectur"],"_links":{"self":[{"href":"https:\/\/gerardoduque.com.mx\/index.php?rest_route=\/wp\/v2\/posts\/42850","targetHints":{"allow":["GET"]}}],"collection":[{"href":"https:\/\/gerardoduque.com.mx\/index.php?rest_route=\/wp\/v2\/posts"}],"about":[{"href":"https:\/\/gerardoduque.com.mx\/index.php?rest_route=\/wp\/v2\/types\/post"}],"author":[{"embeddable":true,"href":"https:\/\/gerardoduque.com.mx\/index.php?rest_route=\/wp\/v2\/users\/4"}],"replies":[{"embeddable":true,"href":"https:\/\/gerardoduque.com.mx\/index.php?rest_route=%2Fwp%2Fv2%2Fcomments&post=42850"}],"version-history":[{"count":0,"href":"https:\/\/gerardoduque.com.mx\/index.php?rest_route=\/wp\/v2\/posts\/42850\/revisions"}],"wp:featuredmedia":[{"embeddable":true,"href":"https:\/\/gerardoduque.com.mx\/index.php?rest_route=\/wp\/v2\/media\/42851"}],"wp:attachment":[{"href":"https:\/\/gerardoduque.com.mx\/index.php?rest_route=%2Fwp%2Fv2%2Fmedia&parent=42850"}],"wp:term":[{"taxonomy":"category","embeddable":true,"href":"https:\/\/gerardoduque.com.mx\/index.php?rest_route=%2Fwp%2Fv2%2Fcategories&post=42850"},{"taxonomy":"post_tag","embeddable":true,"href":"https:\/\/gerardoduque.com.mx\/index.php?rest_route=%2Fwp%2Fv2%2Ftags&post=42850"}],"curies":[{"name":"wp","href":"https:\/\/api.w.org\/{rel}","templated":true}]}}