{"id":42847,"date":"2026-01-11T09:09:28","date_gmt":"2026-01-11T15:09:28","guid":{"rendered":"https:\/\/gerardoduque.com.mx\/?p=42847"},"modified":"2026-01-11T09:09:33","modified_gmt":"2026-01-11T15:09:33","slug":"abren-inscripciones-para-cursos-de-manejo-dirigidos-a-jovenes-de-la-huasteca","status":"publish","type":"post","link":"https:\/\/gerardoduque.com.mx\/?p=42847","title":{"rendered":"ABREN INSCRIPCIONES PARA CURSOS DE MANEJO DIRIGIDOS A J\u00d3VENES DE LA HUASTECA"},"content":{"rendered":"\n<p>El Instituto Potosino de la Juventud abri\u00f3 la convocatoria para cursos de manejo que se impartir\u00e1n en el municipio de Tamu\u00edn, como parte de una oferta de capacitaci\u00f3n dirigida a j\u00f3venes de la regi\u00f3n Huasteca interesados en adquirir conocimientos para una conducci\u00f3n responsable y segura.<\/p>\n\n\n\n<p>Las inscripciones se realizar\u00e1n del mi\u00e9rcoles 14 al viernes 16 de enero, en un horario de 9:00 a 15:00 horas, en las oficinas del Instituto Potosino de la Juventud regi\u00f3n Huasteca, ubicadas en Ciudad Valles. El curso contempla un esquema te\u00f3rico-pr\u00e1ctico enfocado en normas de tr\u00e1nsito, conducci\u00f3n preventiva y habilidades b\u00e1sicas al volante.<\/p>\n\n\n\n<p>Las clases se ofrecer\u00e1n en dos modalidades: lunes, mi\u00e9rcoles y viernes, del 2 al 20 de febrero, o martes y jueves, del 3 al 19 de febrero. En ambos casos, los horarios disponibles ser\u00e1n de 8:00 a 10:00 horas y de 10:00 a 12:00 horas, de acuerdo con la opci\u00f3n seleccionada por las y los participantes.<\/p>\n\n\n\n<p>Para mayor informaci\u00f3n, las personas interesadas pueden comunicarse v\u00eda WhatsApp a los n\u00fameros 481 123 9380 y 481 153 6235, donde se brindar\u00e1n detalles adicionales sobre requisitos y disponibilidad de espacios.<\/p>\n","protected":false},"excerpt":{"rendered":"<p>Se abri\u00f3 una convocatoria para cursos de manejo dirigidos a j\u00f3venes de la regi\u00f3n Huasteca, con clases te\u00f3ricas y pr\u00e1cticas que se impartir\u00e1n en el municipio de Tamu\u00edn durante el mes de febrero.<\/p>\n","protected":false},"author":4,"featured_media":42848,"comment_status":"closed","ping_status":"closed","sticky":false,"template":"","format":"standard","meta":{"_et_pb_use_builder":"off","_et_pb_old_content":"","_et_gb_content_width":"","footnotes":""},"categories":[280],"tags":[72,335,66],"class_list":["post-42847","post","type-post","status-publish","format-standard","has-post-thumbnail","hentry","category-gob-slp","tag-gobierno-del-estado","tag-inpojuve","tag-san-luis-potosi"],"_links":{"self":[{"href":"https:\/\/gerardoduque.com.mx\/index.php?rest_route=\/wp\/v2\/posts\/42847","targetHints":{"allow":["GET"]}}],"collection":[{"href":"https:\/\/gerardoduque.com.mx\/index.php?rest_route=\/wp\/v2\/posts"}],"about":[{"href":"https:\/\/gerardoduque.com.mx\/index.php?rest_route=\/wp\/v2\/types\/post"}],"author":[{"embeddable":true,"href":"https:\/\/gerardoduque.com.mx\/index.php?rest_route=\/wp\/v2\/users\/4"}],"replies":[{"embeddable":true,"href":"https:\/\/gerardoduque.com.mx\/index.php?rest_route=%2Fwp%2Fv2%2Fcomments&post=42847"}],"version-history":[{"count":0,"href":"https:\/\/gerardoduque.com.mx\/index.php?rest_route=\/wp\/v2\/posts\/42847\/revisions"}],"wp:featuredmedia":[{"embeddable":true,"href":"https:\/\/gerardoduque.com.mx\/index.php?rest_route=\/wp\/v2\/media\/42848"}],"wp:attachment":[{"href":"https:\/\/gerardoduque.com.mx\/index.php?rest_route=%2Fwp%2Fv2%2Fmedia&parent=42847"}],"wp:term":[{"taxonomy":"category","embeddable":true,"href":"https:\/\/gerardoduque.com.mx\/index.php?rest_route=%2Fwp%2Fv2%2Fcategories&post=42847"},{"taxonomy":"post_tag","embeddable":true,"href":"https:\/\/gerardoduque.com.mx\/index.php?rest_route=%2Fwp%2Fv2%2Ftags&post=42847"}],"curies":[{"name":"wp","href":"https:\/\/api.w.org\/{rel}","templated":true}]}}