{"id":42841,"date":"2026-01-11T08:59:02","date_gmt":"2026-01-11T14:59:02","guid":{"rendered":"https:\/\/gerardoduque.com.mx\/?p=42841"},"modified":"2026-01-11T08:59:09","modified_gmt":"2026-01-11T14:59:09","slug":"definen-operativo-interestatal-para-la-caravana-de-la-fe-a-san-juan-de-los-lagos","status":"publish","type":"post","link":"https:\/\/gerardoduque.com.mx\/?p=42841","title":{"rendered":"DEFINEN OPERATIVO INTERESTATAL PARA LA CARAVANA DE LA FE A SAN JUAN DE LOS LAGOS"},"content":{"rendered":"\n<p>Con el objetivo de garantizar un trayecto seguro para las personas que participar\u00e1n en la tradicional Caravana de la Fe con destino a San Juan de los Lagos, se reforz\u00f3 la coordinaci\u00f3n entre autoridades estatales, municipales y corporaciones federales de San Luis Potos\u00ed y Guanajuato.<\/p>\n\n\n\n<p>Durante una reuni\u00f3n de planeaci\u00f3n realizada en el municipio de Silao, se establecieron los ejes del operativo de este a\u00f1o, que incluyen coordinaci\u00f3n interestatal en materia de seguridad, vigilancia sanitaria y de alimentos, prevenci\u00f3n de incendios en zonas de pernocta, acompa\u00f1amiento en tramos considerados de riesgo y la implementaci\u00f3n de un esquema de abanderamiento obligatorio en carreteras federales.<\/p>\n\n\n\n<p>De acuerdo con los registros oficiales, se estima la participaci\u00f3n de aproximadamente cinco mil peregrinos provenientes de San Luis Potos\u00ed, quienes partir\u00e1n el pr\u00f3ximo 23 de enero desde la iglesia de Nuestra Se\u00f1ora de los Dolores, en la comunidad de Morales.<\/p>\n\n\n\n<p>Las autoridades exhortaron a las y los participantes a atender las indicaciones durante el recorrido, mantenerse hidratados, portar ropa adecuada ante las bajas temperaturas nocturnas y extremar precauciones para reducir riesgos durante la peregrinaci\u00f3n.<\/p>\n","protected":false},"excerpt":{"rendered":"<p>Se prev\u00e9 la participaci\u00f3n de alrededor de cinco mil peregrinos y se definieron acciones conjuntas de seguridad, salud y acompa\u00f1amiento vial.<\/p>\n","protected":false},"author":4,"featured_media":42842,"comment_status":"closed","ping_status":"closed","sticky":false,"template":"","format":"standard","meta":{"_et_pb_use_builder":"off","_et_pb_old_content":"","_et_gb_content_width":"","footnotes":""},"categories":[280],"tags":[190,72,66],"class_list":["post-42841","post","type-post","status-publish","format-standard","has-post-thumbnail","hentry","category-gob-slp","tag-cepc","tag-gobierno-del-estado","tag-san-luis-potosi"],"_links":{"self":[{"href":"https:\/\/gerardoduque.com.mx\/index.php?rest_route=\/wp\/v2\/posts\/42841","targetHints":{"allow":["GET"]}}],"collection":[{"href":"https:\/\/gerardoduque.com.mx\/index.php?rest_route=\/wp\/v2\/posts"}],"about":[{"href":"https:\/\/gerardoduque.com.mx\/index.php?rest_route=\/wp\/v2\/types\/post"}],"author":[{"embeddable":true,"href":"https:\/\/gerardoduque.com.mx\/index.php?rest_route=\/wp\/v2\/users\/4"}],"replies":[{"embeddable":true,"href":"https:\/\/gerardoduque.com.mx\/index.php?rest_route=%2Fwp%2Fv2%2Fcomments&post=42841"}],"version-history":[{"count":0,"href":"https:\/\/gerardoduque.com.mx\/index.php?rest_route=\/wp\/v2\/posts\/42841\/revisions"}],"wp:featuredmedia":[{"embeddable":true,"href":"https:\/\/gerardoduque.com.mx\/index.php?rest_route=\/wp\/v2\/media\/42842"}],"wp:attachment":[{"href":"https:\/\/gerardoduque.com.mx\/index.php?rest_route=%2Fwp%2Fv2%2Fmedia&parent=42841"}],"wp:term":[{"taxonomy":"category","embeddable":true,"href":"https:\/\/gerardoduque.com.mx\/index.php?rest_route=%2Fwp%2Fv2%2Fcategories&post=42841"},{"taxonomy":"post_tag","embeddable":true,"href":"https:\/\/gerardoduque.com.mx\/index.php?rest_route=%2Fwp%2Fv2%2Ftags&post=42841"}],"curies":[{"name":"wp","href":"https:\/\/api.w.org\/{rel}","templated":true}]}}