{"id":42838,"date":"2026-01-11T08:55:03","date_gmt":"2026-01-11T14:55:03","guid":{"rendered":"https:\/\/gerardoduque.com.mx\/?p=42838"},"modified":"2026-01-11T08:55:09","modified_gmt":"2026-01-11T14:55:09","slug":"avanza-rehabilitacion-de-la-calle-colon-en-charcas","status":"publish","type":"post","link":"https:\/\/gerardoduque.com.mx\/?p=42838","title":{"rendered":"AVANZA REHABILITACI\u00d3N DE LA CALLE COL\u00d3N EN CHARCAS"},"content":{"rendered":"\n<p>Se mantiene la supervisi\u00f3n de obras en proceso que est\u00e1n pr\u00f3ximas a concluirse en distintos municipios. En el caso de Charcas, se verific\u00f3 un avance del 90 por ciento en la rehabilitaci\u00f3n integral de la calle Col\u00f3n, una vialidad con impacto directo en la movilidad y el entorno urbano.<\/p>\n\n\n\n<p>Los trabajos contemplan la renovaci\u00f3n de las l\u00edneas de drenaje sanitario y agua potable, as\u00ed como la construcci\u00f3n de banquetas y la sustituci\u00f3n de la superficie de rodamiento por concreto hidr\u00e1ulico, con el objetivo de mejorar las condiciones de circulaci\u00f3n y los servicios b\u00e1sicos en la zona.<\/p>\n\n\n\n<p>La obra beneficiar\u00e1 de manera directa a las familias del municipio al contar con infraestructura m\u00e1s segura y funcional, como parte de los proyectos que se desarrollan actualmente en la regi\u00f3n del Altiplano.<\/p>\n","protected":false},"excerpt":{"rendered":"<p>La obra registra un avance del 90 por ciento e incluye trabajos de drenaje, agua potable, banquetas y pavimento con concreto hidr\u00e1ulico.<\/p>\n","protected":false},"author":4,"featured_media":42839,"comment_status":"closed","ping_status":"closed","sticky":false,"template":"","format":"standard","meta":{"_et_pb_use_builder":"off","_et_pb_old_content":"","_et_gb_content_width":"","footnotes":""},"categories":[280],"tags":[72,66,74],"class_list":["post-42838","post","type-post","status-publish","format-standard","has-post-thumbnail","hentry","category-gob-slp","tag-gobierno-del-estado","tag-san-luis-potosi","tag-seduvop"],"_links":{"self":[{"href":"https:\/\/gerardoduque.com.mx\/index.php?rest_route=\/wp\/v2\/posts\/42838","targetHints":{"allow":["GET"]}}],"collection":[{"href":"https:\/\/gerardoduque.com.mx\/index.php?rest_route=\/wp\/v2\/posts"}],"about":[{"href":"https:\/\/gerardoduque.com.mx\/index.php?rest_route=\/wp\/v2\/types\/post"}],"author":[{"embeddable":true,"href":"https:\/\/gerardoduque.com.mx\/index.php?rest_route=\/wp\/v2\/users\/4"}],"replies":[{"embeddable":true,"href":"https:\/\/gerardoduque.com.mx\/index.php?rest_route=%2Fwp%2Fv2%2Fcomments&post=42838"}],"version-history":[{"count":0,"href":"https:\/\/gerardoduque.com.mx\/index.php?rest_route=\/wp\/v2\/posts\/42838\/revisions"}],"wp:featuredmedia":[{"embeddable":true,"href":"https:\/\/gerardoduque.com.mx\/index.php?rest_route=\/wp\/v2\/media\/42839"}],"wp:attachment":[{"href":"https:\/\/gerardoduque.com.mx\/index.php?rest_route=%2Fwp%2Fv2%2Fmedia&parent=42838"}],"wp:term":[{"taxonomy":"category","embeddable":true,"href":"https:\/\/gerardoduque.com.mx\/index.php?rest_route=%2Fwp%2Fv2%2Fcategories&post=42838"},{"taxonomy":"post_tag","embeddable":true,"href":"https:\/\/gerardoduque.com.mx\/index.php?rest_route=%2Fwp%2Fv2%2Ftags&post=42838"}],"curies":[{"name":"wp","href":"https:\/\/api.w.org\/{rel}","templated":true}]}}