{"id":42812,"date":"2026-01-10T11:30:10","date_gmt":"2026-01-10T17:30:10","guid":{"rendered":"https:\/\/gerardoduque.com.mx\/?p=42812"},"modified":"2026-01-10T11:30:17","modified_gmt":"2026-01-10T17:30:17","slug":"anuncian-carrera-atletica-corriendo-con-la-leyenda-para-enero-de-2026","status":"publish","type":"post","link":"https:\/\/gerardoduque.com.mx\/?p=42812","title":{"rendered":"ANUNCIAN CARRERA ATL\u00c9TICA \u201cCORRIENDO CON LA LEYENDA\u201d PARA ENERO DE 2026"},"content":{"rendered":"\n<p>Fue presentada de manera oficial la carrera atl\u00e9tica \u201cCorriendo con la Leyenda\u201d, evento que abrir\u00e1 el calendario deportivo de 2026 y que contar\u00e1 con la presencia de Julio C\u00e9sar Ch\u00e1vez. La competencia se llevar\u00e1 a cabo el domingo 18 de enero a las 17:00 horas.<\/p>\n\n\n\n<p>La ruta ser\u00e1 de cinco kil\u00f3metros sobre la V\u00eda Alterna, en un circuito de ida y vuelta con salida y meta en la Arena Potos\u00ed. La cuota de recuperaci\u00f3n incluye playera conmemorativa, medalla oficial, una banda roja alusiva al boxeador y la participaci\u00f3n en la rifa de 20 pares de guantes autografiados.<\/p>\n\n\n\n<p>Las inscripciones estar\u00e1n disponibles en distintos puntos habilitados para el registro de participantes. El evento se suma a una jornada deportiva m\u00e1s amplia, ya que el s\u00e1bado 24 de enero la Arena Potos\u00ed tambi\u00e9n ser\u00e1 sede de una funci\u00f3n de box con la participaci\u00f3n de Julio C\u00e9sar Ch\u00e1vez Jr., Omar Ch\u00e1vez y otros integrantes de la Dinast\u00eda Ch\u00e1vez.<\/p>\n\n\n\n<p>La actividad busca promover la pr\u00e1ctica deportiva y la convivencia social mediante eventos abiertos al p\u00fablico al inicio del a\u00f1o.<\/p>\n","protected":false},"excerpt":{"rendered":"<p>La carrera se realizar\u00e1 el 18 de enero sobre la V\u00eda Alterna y contar\u00e1 con la participaci\u00f3n de Julio C\u00e9sar Ch\u00e1vez, como parte de la agenda deportiva de inicio de a\u00f1o.<\/p>\n","protected":false},"author":4,"featured_media":42813,"comment_status":"closed","ping_status":"closed","sticky":false,"template":"","format":"standard","meta":{"_et_pb_use_builder":"off","_et_pb_old_content":"","_et_gb_content_width":"","footnotes":""},"categories":[280],"tags":[72,265,66],"class_list":["post-42812","post","type-post","status-publish","format-standard","has-post-thumbnail","hentry","category-gob-slp","tag-gobierno-del-estado","tag-inpode","tag-san-luis-potosi"],"_links":{"self":[{"href":"https:\/\/gerardoduque.com.mx\/index.php?rest_route=\/wp\/v2\/posts\/42812","targetHints":{"allow":["GET"]}}],"collection":[{"href":"https:\/\/gerardoduque.com.mx\/index.php?rest_route=\/wp\/v2\/posts"}],"about":[{"href":"https:\/\/gerardoduque.com.mx\/index.php?rest_route=\/wp\/v2\/types\/post"}],"author":[{"embeddable":true,"href":"https:\/\/gerardoduque.com.mx\/index.php?rest_route=\/wp\/v2\/users\/4"}],"replies":[{"embeddable":true,"href":"https:\/\/gerardoduque.com.mx\/index.php?rest_route=%2Fwp%2Fv2%2Fcomments&post=42812"}],"version-history":[{"count":0,"href":"https:\/\/gerardoduque.com.mx\/index.php?rest_route=\/wp\/v2\/posts\/42812\/revisions"}],"wp:featuredmedia":[{"embeddable":true,"href":"https:\/\/gerardoduque.com.mx\/index.php?rest_route=\/wp\/v2\/media\/42813"}],"wp:attachment":[{"href":"https:\/\/gerardoduque.com.mx\/index.php?rest_route=%2Fwp%2Fv2%2Fmedia&parent=42812"}],"wp:term":[{"taxonomy":"category","embeddable":true,"href":"https:\/\/gerardoduque.com.mx\/index.php?rest_route=%2Fwp%2Fv2%2Fcategories&post=42812"},{"taxonomy":"post_tag","embeddable":true,"href":"https:\/\/gerardoduque.com.mx\/index.php?rest_route=%2Fwp%2Fv2%2Ftags&post=42812"}],"curies":[{"name":"wp","href":"https:\/\/api.w.org\/{rel}","templated":true}]}}