{"id":42799,"date":"2026-01-10T10:54:08","date_gmt":"2026-01-10T16:54:08","guid":{"rendered":"https:\/\/gerardoduque.com.mx\/?p=42799"},"modified":"2026-01-10T10:54:16","modified_gmt":"2026-01-10T16:54:16","slug":"san-luis-potosi-presenta-su-oferta-cultural-y-turistica-en-la-feria-de-leon-2026","status":"publish","type":"post","link":"https:\/\/gerardoduque.com.mx\/?p=42799","title":{"rendered":"SAN LUIS POTOS\u00cd PRESENTA SU OFERTA CULTURAL Y TUR\u00cdSTICA EN LA FERIA DE LE\u00d3N 2026"},"content":{"rendered":"\n<p>El gobernador Ricardo Gallardo Cardona asisti\u00f3 como invitado a la inauguraci\u00f3n de la Feria de Le\u00f3n 2026, evento que marca el inicio de las actividades programadas durante casi un mes en el recinto ferial de esa ciudad guanajuatense.<\/p>\n\n\n\n<p>En esta edici\u00f3n, San Luis Potos\u00ed participa como Estado Invitado, lo que permite la promoci\u00f3n de su oferta cultural y tur\u00edstica ante miles de visitantes nacionales e internacionales que asisten a la feria.<\/p>\n\n\n\n<p>Como parte de la participaci\u00f3n, se inaugur\u00f3 el stand San Luis Potos\u00ed Surrealista, en el que se exhiben artesan\u00edas, gastronom\u00eda, bebidas regionales y materiales de promoci\u00f3n tur\u00edstica. En este espacio participan 33 artesanas y artesanos, adem\u00e1s de productores, prestadores de servicios tur\u00edsticos, operadores y agencias de viaje.<\/p>\n\n\n\n<p>Durante la ceremonia inaugural tambi\u00e9n estuvo presente la gobernadora de Guanajuato, Libia Dennise Garc\u00eda Mu\u00f1oz Ledo, quien encabez\u00f3 el arranque oficial de la feria y destac\u00f3 la colaboraci\u00f3n entre ambas entidades en el marco del evento.<\/p>\n","protected":false},"excerpt":{"rendered":"<p>San Luis Potos\u00ed participa como Estado Invitado en la Feria de Le\u00f3n 2026, que se realiza del 9 de enero al 4 de febrero, en el marco del 450 aniversario de la fundaci\u00f3n de la ciudad de Le\u00f3n, Guanajuato.<\/p>\n","protected":false},"author":4,"featured_media":42800,"comment_status":"closed","ping_status":"closed","sticky":false,"template":"","format":"standard","meta":{"_et_pb_use_builder":"off","_et_pb_old_content":"","_et_gb_content_width":"","footnotes":""},"categories":[280],"tags":[72,66,316],"class_list":["post-42799","post","type-post","status-publish","format-standard","has-post-thumbnail","hentry","category-gob-slp","tag-gobierno-del-estado","tag-san-luis-potosi","tag-sectur"],"_links":{"self":[{"href":"https:\/\/gerardoduque.com.mx\/index.php?rest_route=\/wp\/v2\/posts\/42799","targetHints":{"allow":["GET"]}}],"collection":[{"href":"https:\/\/gerardoduque.com.mx\/index.php?rest_route=\/wp\/v2\/posts"}],"about":[{"href":"https:\/\/gerardoduque.com.mx\/index.php?rest_route=\/wp\/v2\/types\/post"}],"author":[{"embeddable":true,"href":"https:\/\/gerardoduque.com.mx\/index.php?rest_route=\/wp\/v2\/users\/4"}],"replies":[{"embeddable":true,"href":"https:\/\/gerardoduque.com.mx\/index.php?rest_route=%2Fwp%2Fv2%2Fcomments&post=42799"}],"version-history":[{"count":0,"href":"https:\/\/gerardoduque.com.mx\/index.php?rest_route=\/wp\/v2\/posts\/42799\/revisions"}],"wp:featuredmedia":[{"embeddable":true,"href":"https:\/\/gerardoduque.com.mx\/index.php?rest_route=\/wp\/v2\/media\/42800"}],"wp:attachment":[{"href":"https:\/\/gerardoduque.com.mx\/index.php?rest_route=%2Fwp%2Fv2%2Fmedia&parent=42799"}],"wp:term":[{"taxonomy":"category","embeddable":true,"href":"https:\/\/gerardoduque.com.mx\/index.php?rest_route=%2Fwp%2Fv2%2Fcategories&post=42799"},{"taxonomy":"post_tag","embeddable":true,"href":"https:\/\/gerardoduque.com.mx\/index.php?rest_route=%2Fwp%2Fv2%2Ftags&post=42799"}],"curies":[{"name":"wp","href":"https:\/\/api.w.org\/{rel}","templated":true}]}}