{"id":42796,"date":"2026-01-10T10:47:27","date_gmt":"2026-01-10T16:47:27","guid":{"rendered":"https:\/\/gerardoduque.com.mx\/?p=42796"},"modified":"2026-01-10T10:47:32","modified_gmt":"2026-01-10T16:47:32","slug":"empleo-formal-registra-aumento-de-28-mil-trabajadores-asegurados","status":"publish","type":"post","link":"https:\/\/gerardoduque.com.mx\/?p=42796","title":{"rendered":"EMPLEO FORMAL REGISTRA AUMENTO DE 28 MIL TRABAJADORES ASEGURADOS"},"content":{"rendered":"\n<p>Datos del Instituto Mexicano del Seguro Social indican que, durante el actual sexenio, se han generado 28 mil nuevos empleos formales, alcanzando un total de 480 mil trabajadores registrados ante el instituto.<\/p>\n\n\n\n<p>Durante 2025, los sectores con mayor crecimiento en empleo fueron el comercio, con dos mil 708 nuevas plazas; los servicios para empresas y el hogar, con 958; el sector agr\u00edcola, con dos mil 582 empleos adicionales; y transportes y comunicaciones, con 179 nuevas fuentes de trabajo. En contraste, la industria de la transformaci\u00f3n, la construcci\u00f3n y los servicios sociales y comunales registraron una ligera disminuci\u00f3n.<\/p>\n\n\n\n<p>Para 2026 se prev\u00e9 una reactivaci\u00f3n gradual del empleo, asociada a nuevas inversiones, procesos de expansi\u00f3n industrial y programas de capacitaci\u00f3n y reclutamiento laboral.<\/p>\n\n\n\n<p>Este viernes se inaugur\u00f3 una nueva planta industrial de capital coreano en el parque Logistik, la cual aportar\u00e1 alrededor de 750 empleos, principalmente vinculados a la industria automotriz, uno de los principales sectores productivos de la econom\u00eda local.<\/p>\n","protected":false},"excerpt":{"rendered":"<p>En el actual sexenio se han incorporado 28 mil personas al empleo formal, de acuerdo con registros del IMSS, lo que eleva a 480 mil el n\u00famero de trabajadores asegurados en la entidad.<\/p>\n","protected":false},"author":4,"featured_media":42797,"comment_status":"closed","ping_status":"closed","sticky":false,"template":"","format":"standard","meta":{"_et_pb_use_builder":"off","_et_pb_old_content":"","_et_gb_content_width":"","footnotes":""},"categories":[280],"tags":[72,244,66],"class_list":["post-42796","post","type-post","status-publish","format-standard","has-post-thumbnail","hentry","category-gob-slp","tag-gobierno-del-estado","tag-imss","tag-san-luis-potosi"],"_links":{"self":[{"href":"https:\/\/gerardoduque.com.mx\/index.php?rest_route=\/wp\/v2\/posts\/42796","targetHints":{"allow":["GET"]}}],"collection":[{"href":"https:\/\/gerardoduque.com.mx\/index.php?rest_route=\/wp\/v2\/posts"}],"about":[{"href":"https:\/\/gerardoduque.com.mx\/index.php?rest_route=\/wp\/v2\/types\/post"}],"author":[{"embeddable":true,"href":"https:\/\/gerardoduque.com.mx\/index.php?rest_route=\/wp\/v2\/users\/4"}],"replies":[{"embeddable":true,"href":"https:\/\/gerardoduque.com.mx\/index.php?rest_route=%2Fwp%2Fv2%2Fcomments&post=42796"}],"version-history":[{"count":0,"href":"https:\/\/gerardoduque.com.mx\/index.php?rest_route=\/wp\/v2\/posts\/42796\/revisions"}],"wp:featuredmedia":[{"embeddable":true,"href":"https:\/\/gerardoduque.com.mx\/index.php?rest_route=\/wp\/v2\/media\/42797"}],"wp:attachment":[{"href":"https:\/\/gerardoduque.com.mx\/index.php?rest_route=%2Fwp%2Fv2%2Fmedia&parent=42796"}],"wp:term":[{"taxonomy":"category","embeddable":true,"href":"https:\/\/gerardoduque.com.mx\/index.php?rest_route=%2Fwp%2Fv2%2Fcategories&post=42796"},{"taxonomy":"post_tag","embeddable":true,"href":"https:\/\/gerardoduque.com.mx\/index.php?rest_route=%2Fwp%2Fv2%2Ftags&post=42796"}],"curies":[{"name":"wp","href":"https:\/\/api.w.org\/{rel}","templated":true}]}}