{"id":42793,"date":"2026-01-10T10:41:41","date_gmt":"2026-01-10T16:41:41","guid":{"rendered":"https:\/\/gerardoduque.com.mx\/?p=42793"},"modified":"2026-01-10T10:41:47","modified_gmt":"2026-01-10T16:41:47","slug":"inauguran-planta-automotriz-coreana-en-villa-de-reyes","status":"publish","type":"post","link":"https:\/\/gerardoduque.com.mx\/?p=42793","title":{"rendered":"INAUGURAN PLANTA AUTOMOTRIZ COREANA EN VILLA DE REYES"},"content":{"rendered":"\n<p>La nueva planta corresponde a la empresa SL MEX SLP, S. de R.L. de C.V., la cual se instala en el Parque Industrial Logistik, en el municipio de Villa de Reyes, como parte de la expansi\u00f3n del sector automotriz en la regi\u00f3n.<\/p>\n\n\n\n<p>La inversi\u00f3n estimada alcanza los 750 millones de pesos y permitir\u00e1 la creaci\u00f3n de m\u00e1s de 500 empleos directos, vinculados principalmente a procesos industriales especializados. La empresa se dedica a la fabricaci\u00f3n de sistemas de iluminaci\u00f3n automotriz, espejos retrovisores, componentes de chasis y procesos de inyecci\u00f3n.<\/p>\n\n\n\n<p>Durante el acto inaugural se inform\u00f3 que la planta contempla una futura ampliaci\u00f3n de inversi\u00f3n, derivada del crecimiento de su operaci\u00f3n y de la demanda de sus productos dentro de la cadena automotriz.<\/p>\n\n\n\n<p>La instalaci\u00f3n de esta empresa se suma a otras inversiones del sector manufacturero en la zona industrial de Villa de Reyes, considerada un punto relevante para el desarrollo de proveedur\u00eda automotriz y de alto valor agregado.<\/p>\n","protected":false},"excerpt":{"rendered":"<p>La empresa de origen coreano SL MEX SLP inici\u00f3 operaciones este 9 de enero en el Parque Industrial Logistik, en Villa de Reyes, con una inversi\u00f3n aproximada de 750 millones de pesos y la generaci\u00f3n de m\u00e1s de 500 empleos directos.<\/p>\n","protected":false},"author":4,"featured_media":42794,"comment_status":"closed","ping_status":"closed","sticky":false,"template":"","format":"standard","meta":{"_et_pb_use_builder":"off","_et_pb_old_content":"","_et_gb_content_width":"","footnotes":""},"categories":[280],"tags":[72,66],"class_list":["post-42793","post","type-post","status-publish","format-standard","has-post-thumbnail","hentry","category-gob-slp","tag-gobierno-del-estado","tag-san-luis-potosi"],"_links":{"self":[{"href":"https:\/\/gerardoduque.com.mx\/index.php?rest_route=\/wp\/v2\/posts\/42793","targetHints":{"allow":["GET"]}}],"collection":[{"href":"https:\/\/gerardoduque.com.mx\/index.php?rest_route=\/wp\/v2\/posts"}],"about":[{"href":"https:\/\/gerardoduque.com.mx\/index.php?rest_route=\/wp\/v2\/types\/post"}],"author":[{"embeddable":true,"href":"https:\/\/gerardoduque.com.mx\/index.php?rest_route=\/wp\/v2\/users\/4"}],"replies":[{"embeddable":true,"href":"https:\/\/gerardoduque.com.mx\/index.php?rest_route=%2Fwp%2Fv2%2Fcomments&post=42793"}],"version-history":[{"count":0,"href":"https:\/\/gerardoduque.com.mx\/index.php?rest_route=\/wp\/v2\/posts\/42793\/revisions"}],"wp:featuredmedia":[{"embeddable":true,"href":"https:\/\/gerardoduque.com.mx\/index.php?rest_route=\/wp\/v2\/media\/42794"}],"wp:attachment":[{"href":"https:\/\/gerardoduque.com.mx\/index.php?rest_route=%2Fwp%2Fv2%2Fmedia&parent=42793"}],"wp:term":[{"taxonomy":"category","embeddable":true,"href":"https:\/\/gerardoduque.com.mx\/index.php?rest_route=%2Fwp%2Fv2%2Fcategories&post=42793"},{"taxonomy":"post_tag","embeddable":true,"href":"https:\/\/gerardoduque.com.mx\/index.php?rest_route=%2Fwp%2Fv2%2Ftags&post=42793"}],"curies":[{"name":"wp","href":"https:\/\/api.w.org\/{rel}","templated":true}]}}