{"id":42790,"date":"2026-01-10T10:31:58","date_gmt":"2026-01-10T16:31:58","guid":{"rendered":"https:\/\/gerardoduque.com.mx\/?p=42790"},"modified":"2026-01-10T10:32:07","modified_gmt":"2026-01-10T16:32:07","slug":"preven-bajas-temperaturas-por-frente-frio-27-en-zonas-altas-del-altiplano","status":"publish","type":"post","link":"https:\/\/gerardoduque.com.mx\/?p=42790","title":{"rendered":"PREV\u00c9N BAJAS TEMPERATURAS POR FRENTE FR\u00cdO 27 EN ZONAS ALTAS DEL ALTIPLANO"},"content":{"rendered":"\n<p>La Coordinaci\u00f3n Estatal de Protecci\u00f3n Civil mantiene vigilancia permanente ante el ingreso del frente fr\u00edo n\u00famero 27 y una masa de aire \u00e1rtico que afectar\u00e1 principalmente el Altiplano y las zonas altas del estado, con un descenso marcado de temperaturas durante el fin de semana.<\/p>\n\n\n\n<p>De acuerdo con la dependencia, existe posibilidad de ca\u00edda de nieve o aguanieve durante el domingo en \u00e1reas elevadas de Villa de la Paz, Villa de Guadalupe, Matehuala y, de manera particular, en la sierra de Catorce. En otras regiones monta\u00f1osas, como las sierras de San Miguelito, \u00c1lvarez y Xilitla, la probabilidad es menor, aunque se mantiene el monitoreo preventivo.<\/p>\n\n\n\n<p>El pron\u00f3stico tambi\u00e9n contempla rachas de viento de hasta 60 kil\u00f3metros por hora en zonas altas, as\u00ed como la presencia de bancos densos de niebla durante las ma\u00f1anas, condiciones que podr\u00edan afectar la visibilidad y la seguridad vial en carreteras.<\/p>\n\n\n\n<p>Protecci\u00f3n Civil recomend\u00f3 a la poblaci\u00f3n abrigarse adecuadamente, extremar cuidados ante cambios bruscos de temperatura y mantenerse informada a trav\u00e9s de los canales oficiales, especialmente quienes habitan o transitan por regiones de mayor altitud.<\/p>\n\n\n\n<p>evita poner nombres de dependencias en los titulos, por ejemplo: PROTECCI\u00d3N CIV<\/p>\n","protected":false},"excerpt":{"rendered":"<p>Protecci\u00f3n Civil mantiene vigilancia ante el ingreso del frente fr\u00edo 27, con bajas temperaturas, vientos fuertes y posibilidad de nieve o aguanieve en zonas altas del Altiplano.<\/p>\n","protected":false},"author":4,"featured_media":42791,"comment_status":"closed","ping_status":"closed","sticky":false,"template":"","format":"standard","meta":{"_et_pb_use_builder":"off","_et_pb_old_content":"","_et_gb_content_width":"","footnotes":""},"categories":[280],"tags":[190,72,66],"class_list":["post-42790","post","type-post","status-publish","format-standard","has-post-thumbnail","hentry","category-gob-slp","tag-cepc","tag-gobierno-del-estado","tag-san-luis-potosi"],"_links":{"self":[{"href":"https:\/\/gerardoduque.com.mx\/index.php?rest_route=\/wp\/v2\/posts\/42790","targetHints":{"allow":["GET"]}}],"collection":[{"href":"https:\/\/gerardoduque.com.mx\/index.php?rest_route=\/wp\/v2\/posts"}],"about":[{"href":"https:\/\/gerardoduque.com.mx\/index.php?rest_route=\/wp\/v2\/types\/post"}],"author":[{"embeddable":true,"href":"https:\/\/gerardoduque.com.mx\/index.php?rest_route=\/wp\/v2\/users\/4"}],"replies":[{"embeddable":true,"href":"https:\/\/gerardoduque.com.mx\/index.php?rest_route=%2Fwp%2Fv2%2Fcomments&post=42790"}],"version-history":[{"count":0,"href":"https:\/\/gerardoduque.com.mx\/index.php?rest_route=\/wp\/v2\/posts\/42790\/revisions"}],"wp:featuredmedia":[{"embeddable":true,"href":"https:\/\/gerardoduque.com.mx\/index.php?rest_route=\/wp\/v2\/media\/42791"}],"wp:attachment":[{"href":"https:\/\/gerardoduque.com.mx\/index.php?rest_route=%2Fwp%2Fv2%2Fmedia&parent=42790"}],"wp:term":[{"taxonomy":"category","embeddable":true,"href":"https:\/\/gerardoduque.com.mx\/index.php?rest_route=%2Fwp%2Fv2%2Fcategories&post=42790"},{"taxonomy":"post_tag","embeddable":true,"href":"https:\/\/gerardoduque.com.mx\/index.php?rest_route=%2Fwp%2Fv2%2Ftags&post=42790"}],"curies":[{"name":"wp","href":"https:\/\/api.w.org\/{rel}","templated":true}]}}