{"id":42784,"date":"2026-01-10T09:06:40","date_gmt":"2026-01-10T15:06:40","guid":{"rendered":"https:\/\/gerardoduque.com.mx\/?p=42784"},"modified":"2026-01-10T09:06:48","modified_gmt":"2026-01-10T15:06:48","slug":"regresan-a-clases-mas-de-530-mil-estudiantes-de-educacion-basica-este-12-de-enero","status":"publish","type":"post","link":"https:\/\/gerardoduque.com.mx\/?p=42784","title":{"rendered":"REGRESAN A CLASES M\u00c1S DE 530 MIL ESTUDIANTES DE EDUCACI\u00d3N B\u00c1SICA ESTE 12 DE ENERO"},"content":{"rendered":"\n<p>Autoridades educativas informaron que todo se encuentra listo para el regreso a clases de alumnas, alumnos y personal docente de educaci\u00f3n b\u00e1sica este lunes 12 de enero de 2026, luego del receso vacacional de fin de a\u00f1o. El retorno a las aulas se realizar\u00e1 en m\u00e1s de ocho mil escuelas distribuidas en las cuatro regiones del estado.<\/p>\n\n\n\n<p>De acuerdo con la Secretar\u00eda de Educaci\u00f3n, m\u00e1s de 530 mil estudiantes reanudar\u00e1n actividades acad\u00e9micas en un arranque de clases que se prev\u00e9 ordenado y sin contratiempos, derivado de la coordinaci\u00f3n con directivos escolares, personal docente y autoridades municipales.<\/p>\n\n\n\n<p>Durante el periodo vacacional se llevaron a cabo trabajos de mantenimiento y rehabilitaci\u00f3n en distintos planteles, con el objetivo de contar con espacios adecuados para el desarrollo de las actividades escolares. Asimismo, se verific\u00f3 que las escuelas dispongan del personal necesario para la atenci\u00f3n del alumnado en este inicio de ciclo.<\/p>\n\n\n\n<p>Las autoridades se\u00f1alaron que el regreso a clases se realizar\u00e1 conforme al calendario oficial, con \u00e9nfasis en la continuidad acad\u00e9mica y en condiciones adecuadas para la comunidad escolar.<\/p>\n","protected":false},"excerpt":{"rendered":"<p>M\u00e1s de 530 mil estudiantes de educaci\u00f3n b\u00e1sica retomar\u00e1n clases este lunes 12 de enero en m\u00e1s de ocho mil planteles, tras el periodo vacacional decembrino.<\/p>\n","protected":false},"author":4,"featured_media":42785,"comment_status":"closed","ping_status":"closed","sticky":false,"template":"","format":"standard","meta":{"_et_pb_use_builder":"off","_et_pb_old_content":"","_et_gb_content_width":"","footnotes":""},"categories":[280],"tags":[72,66],"class_list":["post-42784","post","type-post","status-publish","format-standard","has-post-thumbnail","hentry","category-gob-slp","tag-gobierno-del-estado","tag-san-luis-potosi"],"_links":{"self":[{"href":"https:\/\/gerardoduque.com.mx\/index.php?rest_route=\/wp\/v2\/posts\/42784","targetHints":{"allow":["GET"]}}],"collection":[{"href":"https:\/\/gerardoduque.com.mx\/index.php?rest_route=\/wp\/v2\/posts"}],"about":[{"href":"https:\/\/gerardoduque.com.mx\/index.php?rest_route=\/wp\/v2\/types\/post"}],"author":[{"embeddable":true,"href":"https:\/\/gerardoduque.com.mx\/index.php?rest_route=\/wp\/v2\/users\/4"}],"replies":[{"embeddable":true,"href":"https:\/\/gerardoduque.com.mx\/index.php?rest_route=%2Fwp%2Fv2%2Fcomments&post=42784"}],"version-history":[{"count":0,"href":"https:\/\/gerardoduque.com.mx\/index.php?rest_route=\/wp\/v2\/posts\/42784\/revisions"}],"wp:featuredmedia":[{"embeddable":true,"href":"https:\/\/gerardoduque.com.mx\/index.php?rest_route=\/wp\/v2\/media\/42785"}],"wp:attachment":[{"href":"https:\/\/gerardoduque.com.mx\/index.php?rest_route=%2Fwp%2Fv2%2Fmedia&parent=42784"}],"wp:term":[{"taxonomy":"category","embeddable":true,"href":"https:\/\/gerardoduque.com.mx\/index.php?rest_route=%2Fwp%2Fv2%2Fcategories&post=42784"},{"taxonomy":"post_tag","embeddable":true,"href":"https:\/\/gerardoduque.com.mx\/index.php?rest_route=%2Fwp%2Fv2%2Ftags&post=42784"}],"curies":[{"name":"wp","href":"https:\/\/api.w.org\/{rel}","templated":true}]}}